{"id":149714,"date":"2024-05-21T14:11:11","date_gmt":"2024-05-21T20:11:11","guid":{"rendered":"https:\/\/nvnoticias.mx\/?p=149714"},"modified":"2024-05-21T14:11:13","modified_gmt":"2024-05-21T20:11:13","slug":"amlo-pide-tener-cuidado-con-las-promesas-que-hace-la-oposicion","status":"publish","type":"post","link":"https:\/\/nvnoticias.mx\/index.php\/2024\/05\/21\/amlo-pide-tener-cuidado-con-las-promesas-que-hace-la-oposicion\/","title":{"rendered":"AMLO pide tener cuidado con las promesas que hace la oposici\u00f3n"},"content":{"rendered":"\n<p>A unos d\u00edas de la jornada electoral, el presidente Andr\u00e9s Manuel L\u00f3pez Obrador exhort\u00f3 a la poblaci\u00f3n a poner \u201cojo, mucho ojo\u201d con el doble discurso de las promesas que hace la oposici\u00f3n, a quienes calific\u00f3 de ser \u201cmuy c\u00ednicos\u201d y \u201cconvenencieros\u201d.<\/p>\n\n\n\n<p>Se\u00f1al\u00f3 que debido a que ahora necesitan el voto del pueblo, la oposici\u00f3n promete que los programas de bienestar que cre\u00f3 su gobierno seguir\u00e1n, pese a que ellos votaron en contra de elevarlos a rango constitucional.<\/p>\n\n\n\n<p>Sin pregunta de por medio, el jefe del Ejecutivo federal record\u00f3 que la oposici\u00f3n acusaba que la gratuidad del sistema de salud y los programas de bienestar eran populistas, que eso era paternalismo y que eran \u201c comunistas, dictadores, autoritarios y antidemocr\u00e1ticos\u201d<\/p>\n\n\n\n<blockquote class=\"wp-block-quote is-layout-flow wp-block-quote-is-layout-flow\">\n<p>\u201cSon muy convenencieros, la palabra, el t\u00e9rmino que los identifica muy bien es la `hipocres\u00eda\u00b4. Ahora que necesitan de la gente -porque creen que el pueblo es tonto, tonto es el pueblo \u2013 (prometen que) siguen todos los programas de bienestar despu\u00e9s de que estaban en contra, ahora todos los programas del bienestar van a seguir\u201d.<\/p>\n<\/blockquote>\n\n\n\n<p>El presidente L\u00f3pez Obrador acus\u00f3 que fue la oposici\u00f3n los que le quitaron a la Constituci\u00f3n de 1917 todo el contenido social, como la reforma al art\u00edculo 27 en el sexenio de Carlos Salinas de Gortari para privatizar los ejidos, o las reformas a las pensiones.<\/p>\n\n\n\n<p>En este sentido, el mandatario cuestion\u00f3: \u201c\u00bfQu\u00e9 no pueden ellos llevar a cabo otras contrarreformas como lo han hecho?\u201d<\/p>\n\n\n\n<blockquote class=\"wp-block-quote is-layout-flow wp-block-quote-is-layout-flow\">\n<p>\u201cEntonces \u00a1Ojo, mucho ojo! Cuidado con el doble discurso, la doble moral, porque son muy c\u00ednicos, como dicen una cosa, dicen la otra. Lo que me llama la atenci\u00f3n es que dicen Nooo,\u00bfqu\u00e9 se preocupan. \u00bfQu\u00e9, es de coraz\u00f3n? \u00bfEs sincero de que van a seguir apoyando al pueblo? Lo que diga mi dedito, no.<\/p>\n<\/blockquote>\n\n\n\n<blockquote class=\"wp-block-quote is-layout-flow wp-block-quote-is-layout-flow\">\n<p>\u201cEllos no le tienen amor al pueblo, le tienen amor al dinero, ese es su dios. Hablando en plata, porque si no hablamos as\u00ed nos quedamos con medias tintas y nadie nos va a entender. Como que ya es tiempo de llamarle a las cosas por sus nombres\u201d, dijo.<\/p>\n<\/blockquote>\n\n\n\n<p>Fuente: El <a href=\"https:\/\/www.eluniversal.com.mx\/nacion\/ojo-mucho-ojo-amlo-pide-tener-cuidado-con-el-doble-discurso-y-las-promesa-que-hace-la-oposicion\/\" data-type=\"link\" data-id=\"https:\/\/www.eluniversal.com.mx\/nacion\/ojo-mucho-ojo-amlo-pide-tener-cuidado-con-el-doble-discurso-y-las-promesa-que-hace-la-oposicion\/\">Universal<\/a><br><\/p>\n","protected":false},"excerpt":{"rendered":"<p>A unos d\u00edas de la jornada electoral, el presidente Andr\u00e9s Manuel L\u00f3pez Obrador exhort\u00f3 a la poblaci\u00f3n a poner \u201cojo, mucho ojo\u201d con el doble discurso de las promesas que hace la oposici\u00f3n, a quienes calific\u00f3 de ser \u201cmuy c\u00ednicos\u201d y \u201cconvenencieros\u201d. Se\u00f1al\u00f3 que debido a que ahora necesitan el voto del pueblo, la oposici\u00f3n [&hellip;]<\/p>\n","protected":false},"author":35,"featured_media":136603,"comment_status":"open","ping_status":"open","sticky":false,"template":"","format":"standard","meta":{"_monsterinsights_skip_tracking":false,"_monsterinsights_sitenote_active":false,"_monsterinsights_sitenote_note":"","_monsterinsights_sitenote_category":0,"footnotes":""},"categories":[158],"tags":[188,2855],"class_list":["post-149714","post","type-post","status-publish","format-standard","has-post-thumbnail","hentry","category-politica","tag-amlo","tag-oposicion","wp-image-borders"],"amp_enabled":true,"_links":{"self":[{"href":"https:\/\/nvnoticias.mx\/index.php\/wp-json\/wp\/v2\/posts\/149714","targetHints":{"allow":["GET"]}}],"collection":[{"href":"https:\/\/nvnoticias.mx\/index.php\/wp-json\/wp\/v2\/posts"}],"about":[{"href":"https:\/\/nvnoticias.mx\/index.php\/wp-json\/wp\/v2\/types\/post"}],"author":[{"embeddable":true,"href":"https:\/\/nvnoticias.mx\/index.php\/wp-json\/wp\/v2\/users\/35"}],"replies":[{"embeddable":true,"href":"https:\/\/nvnoticias.mx\/index.php\/wp-json\/wp\/v2\/comments?post=149714"}],"version-history":[{"count":2,"href":"https:\/\/nvnoticias.mx\/index.php\/wp-json\/wp\/v2\/posts\/149714\/revisions"}],"predecessor-version":[{"id":149718,"href":"https:\/\/nvnoticias.mx\/index.php\/wp-json\/wp\/v2\/posts\/149714\/revisions\/149718"}],"wp:featuredmedia":[{"embeddable":true,"href":"https:\/\/nvnoticias.mx\/index.php\/wp-json\/wp\/v2\/media\/136603"}],"wp:attachment":[{"href":"https:\/\/nvnoticias.mx\/index.php\/wp-json\/wp\/v2\/media?parent=149714"}],"wp:term":[{"taxonomy":"category","embeddable":true,"href":"https:\/\/nvnoticias.mx\/index.php\/wp-json\/wp\/v2\/categories?post=149714"},{"taxonomy":"post_tag","embeddable":true,"href":"https:\/\/nvnoticias.mx\/index.php\/wp-json\/wp\/v2\/tags?post=149714"}],"curies":[{"name":"wp","href":"https:\/\/api.w.org\/{rel}","templated":true}]}}