{"id":149710,"date":"2024-05-21T14:07:59","date_gmt":"2024-05-21T20:07:59","guid":{"rendered":"https:\/\/nvnoticias.mx\/?p=149710"},"modified":"2024-05-21T14:08:00","modified_gmt":"2024-05-21T20:08:00","slug":"se-necesitarian-mas-de-50-anos-para-tener-los-resultados-geneticos-de-todos-los-restos-localizados-en-veracruz-colectivo","status":"publish","type":"post","link":"https:\/\/nvnoticias.mx\/index.php\/2024\/05\/21\/se-necesitarian-mas-de-50-anos-para-tener-los-resultados-geneticos-de-todos-los-restos-localizados-en-veracruz-colectivo\/","title":{"rendered":"Se necesitar\u00edan m\u00e1s de 50 a\u00f1os para tener los resultados gen\u00e9ticos de todos los restos localizados en Veracruz: Colectivo"},"content":{"rendered":"\n<p><\/p>\n\n\n\n<p><strong>Jes\u00fas Utrilla \/ NV Noticias<\/strong><\/p>\n\n\n\n<p>Veracruz no cuenta con infraestructura, ni personal para realizar las identificaciones de todos los restos humanos localizados en las fosas clandestinas, incluso con el equipo actual se necesitar\u00edan m\u00e1s de 50 a\u00f1os para tener los resultados gen\u00e9ticos de todos los restos localizados en la actualidad, afirm\u00f3 Milagros Montiel Cruz, integrante del colectivo Luz, Fuerza y Lucha por Nuestros Desaparecidos.<\/p>\n\n\n\n<p>Indic\u00f3 que en el actual gobierno estatal se perdi\u00f3 tiempo, incluso de los m\u00e1s de 80 restos localizados en La Guapota en \u00darsula Galv\u00e1n se han identificado a 11 personas desaparecidas.<\/p>\n\n\n\n<blockquote class=\"wp-block-quote is-layout-flow wp-block-quote-is-layout-flow\">\n<p>\u201c<em>Lo \u00fanico que se est\u00e1 llenando son los Semefos, se est\u00e1n llenando de muchos indicios, no sirve de nada el trabajo que nosotros la familias hacemos en apoyar a las autoridades, si ellos no hacen las identificaciones por falta de personal. Todas las familias hemos estado ah\u00ed en las fosas clandestinas<\/em>\u201d.<\/p>\n<\/blockquote>\n\n\n\n<p>Afirm\u00f3 que trabajan en distintas fosas clandestinas de la regi\u00f3n, sin embargo, sus esfuerzos son in\u00fatiles debido a la falta de inter\u00e9s&nbsp;&nbsp;y de infraestructura por parte del gobierno estatal.<\/p>\n\n\n\n<blockquote class=\"wp-block-quote is-layout-flow wp-block-quote-is-layout-flow\">\n<p>\u201c<em>De todo, se encuentran indicios, tatuajes, se encuentra de todo, pero no nos comentan nada, no nos dicen si ser\u00e1n identificados o no, falta personal. No identifican porque son indicios, ya est\u00e1n esqueletizados<\/em>\u201d.<\/p>\n<\/blockquote>\n\n\n\n<p>Conf\u00edo en que las nuevas autoridades que ser\u00e1n electas el pr\u00f3ximo 2 de junio, sean cercanas a los colectivos de b\u00fasqueda de desaparecidos y se destinen los recursos suficientes para atender el tema.<\/p>\n\n\n\n<p><\/p>\n","protected":false},"excerpt":{"rendered":"<p>Jes\u00fas Utrilla \/ NV Noticias Veracruz no cuenta con infraestructura, ni personal para realizar las identificaciones de todos los restos humanos localizados en las fosas clandestinas, incluso con el equipo actual se necesitar\u00edan m\u00e1s de 50 a\u00f1os para tener los resultados gen\u00e9ticos de todos los restos localizados en la actualidad, afirm\u00f3 Milagros Montiel Cruz, integrante [&hellip;]<\/p>\n","protected":false},"author":8,"featured_media":149711,"comment_status":"open","ping_status":"open","sticky":false,"template":"","format":"standard","meta":{"_monsterinsights_skip_tracking":false,"_monsterinsights_sitenote_active":false,"_monsterinsights_sitenote_note":"","_monsterinsights_sitenote_category":0,"footnotes":""},"categories":[154],"tags":[2154,3564,30082],"class_list":["post-149710","post","type-post","status-publish","format-standard","has-post-thumbnail","hentry","category-veracruz","tag-colectivo","tag-restos","tag-resultados-geneticos","wp-image-borders"],"amp_enabled":true,"_links":{"self":[{"href":"https:\/\/nvnoticias.mx\/index.php\/wp-json\/wp\/v2\/posts\/149710","targetHints":{"allow":["GET"]}}],"collection":[{"href":"https:\/\/nvnoticias.mx\/index.php\/wp-json\/wp\/v2\/posts"}],"about":[{"href":"https:\/\/nvnoticias.mx\/index.php\/wp-json\/wp\/v2\/types\/post"}],"author":[{"embeddable":true,"href":"https:\/\/nvnoticias.mx\/index.php\/wp-json\/wp\/v2\/users\/8"}],"replies":[{"embeddable":true,"href":"https:\/\/nvnoticias.mx\/index.php\/wp-json\/wp\/v2\/comments?post=149710"}],"version-history":[{"count":1,"href":"https:\/\/nvnoticias.mx\/index.php\/wp-json\/wp\/v2\/posts\/149710\/revisions"}],"predecessor-version":[{"id":149712,"href":"https:\/\/nvnoticias.mx\/index.php\/wp-json\/wp\/v2\/posts\/149710\/revisions\/149712"}],"wp:featuredmedia":[{"embeddable":true,"href":"https:\/\/nvnoticias.mx\/index.php\/wp-json\/wp\/v2\/media\/149711"}],"wp:attachment":[{"href":"https:\/\/nvnoticias.mx\/index.php\/wp-json\/wp\/v2\/media?parent=149710"}],"wp:term":[{"taxonomy":"category","embeddable":true,"href":"https:\/\/nvnoticias.mx\/index.php\/wp-json\/wp\/v2\/categories?post=149710"},{"taxonomy":"post_tag","embeddable":true,"href":"https:\/\/nvnoticias.mx\/index.php\/wp-json\/wp\/v2\/tags?post=149710"}],"curies":[{"name":"wp","href":"https:\/\/api.w.org\/{rel}","templated":true}]}}