{"id":149686,"date":"2024-05-21T11:35:47","date_gmt":"2024-05-21T17:35:47","guid":{"rendered":"https:\/\/nvnoticias.mx\/?p=149686"},"modified":"2024-05-21T11:35:49","modified_gmt":"2024-05-21T17:35:49","slug":"a-nivel-nacional-se-reportan-mas-de-300-mil-personas-desaparecidas","status":"publish","type":"post","link":"https:\/\/nvnoticias.mx\/index.php\/2024\/05\/21\/a-nivel-nacional-se-reportan-mas-de-300-mil-personas-desaparecidas\/","title":{"rendered":"A nivel nacional se reportan m\u00e1s de 300 mil personas desaparecidas\u00a0"},"content":{"rendered":"\n<p><\/p>\n\n\n\n<p><strong>Jes\u00fas Utrilla \/ NV Noticias<\/strong><\/p>\n\n\n\n<p>A nivel nacional se reportan m\u00e1s de 300 mil personas desaparecidas y a pesar que Veracruz no es ajeno a la situaci\u00f3n, los candidatos no llevan dentro de sus propuestas a los colectivos de personas desaparecidas, acus\u00f3 Jos\u00e9 Carlos Castro, representante de la Plataforma de V\u00edctimas Unidas.<\/p>\n\n\n\n<p>Pidi\u00f3 que los aspirantes a las diputaciones locales, federales y el Senado aborden el tema porque al momento no se escuchan propuestas de ese tipo.<\/p>\n\n\n\n<p>Agreg\u00f3 que en los discursos no destacan los desaparecidos y no se puede seguir as\u00ed ya que adem\u00e1s hay muertes violentas en el pa\u00eds,&nbsp;&nbsp;con 1.5 millones de familias afectadas directamente.&nbsp;<\/p>\n\n\n\n<p>Acus\u00f3 que los pol\u00edticos solo toman el tema como bandera electoral sin profundizar directamente en el tema. Aunado a ello los gobiernos Federal y Estatal no se re\u00fanen con los integrantes de colectivos.<\/p>\n\n\n\n<p>Pidi\u00f3 que convoquen a las familiares de las v\u00edctimas para que integren un proyecto viable y se localice a las familias.&nbsp;<\/p>\n\n\n\n<p>Insisti\u00f3 en que no debe simularse por el contrario falta infraestructura, investigaci\u00f3n, identificaci\u00f3n y prevenci\u00f3n para que las personas dejen de desaparecer.<\/p>\n","protected":false},"excerpt":{"rendered":"<p>Jes\u00fas Utrilla \/ NV Noticias A nivel nacional se reportan m\u00e1s de 300 mil personas desaparecidas y a pesar que Veracruz no es ajeno a la situaci\u00f3n, los candidatos no llevan dentro de sus propuestas a los colectivos de personas desaparecidas, acus\u00f3 Jos\u00e9 Carlos Castro, representante de la Plataforma de V\u00edctimas Unidas. Pidi\u00f3 que los [&hellip;]<\/p>\n","protected":false},"author":8,"featured_media":149687,"comment_status":"open","ping_status":"open","sticky":false,"template":"","format":"standard","meta":{"_monsterinsights_skip_tracking":false,"_monsterinsights_sitenote_active":false,"_monsterinsights_sitenote_note":"","_monsterinsights_sitenote_category":0,"footnotes":""},"categories":[154],"tags":[855],"class_list":["post-149686","post","type-post","status-publish","format-standard","has-post-thumbnail","hentry","category-veracruz","tag-personas-desaparecidas","wp-image-borders"],"amp_enabled":true,"_links":{"self":[{"href":"https:\/\/nvnoticias.mx\/index.php\/wp-json\/wp\/v2\/posts\/149686","targetHints":{"allow":["GET"]}}],"collection":[{"href":"https:\/\/nvnoticias.mx\/index.php\/wp-json\/wp\/v2\/posts"}],"about":[{"href":"https:\/\/nvnoticias.mx\/index.php\/wp-json\/wp\/v2\/types\/post"}],"author":[{"embeddable":true,"href":"https:\/\/nvnoticias.mx\/index.php\/wp-json\/wp\/v2\/users\/8"}],"replies":[{"embeddable":true,"href":"https:\/\/nvnoticias.mx\/index.php\/wp-json\/wp\/v2\/comments?post=149686"}],"version-history":[{"count":1,"href":"https:\/\/nvnoticias.mx\/index.php\/wp-json\/wp\/v2\/posts\/149686\/revisions"}],"predecessor-version":[{"id":149688,"href":"https:\/\/nvnoticias.mx\/index.php\/wp-json\/wp\/v2\/posts\/149686\/revisions\/149688"}],"wp:featuredmedia":[{"embeddable":true,"href":"https:\/\/nvnoticias.mx\/index.php\/wp-json\/wp\/v2\/media\/149687"}],"wp:attachment":[{"href":"https:\/\/nvnoticias.mx\/index.php\/wp-json\/wp\/v2\/media?parent=149686"}],"wp:term":[{"taxonomy":"category","embeddable":true,"href":"https:\/\/nvnoticias.mx\/index.php\/wp-json\/wp\/v2\/categories?post=149686"},{"taxonomy":"post_tag","embeddable":true,"href":"https:\/\/nvnoticias.mx\/index.php\/wp-json\/wp\/v2\/tags?post=149686"}],"curies":[{"name":"wp","href":"https:\/\/api.w.org\/{rel}","templated":true}]}}