{"id":14964,"date":"2021-06-02T10:06:52","date_gmt":"2021-06-02T15:06:52","guid":{"rendered":"https:\/\/nvnoticias.mx\/?p=14964"},"modified":"2021-06-02T10:06:54","modified_gmt":"2021-06-02T15:06:54","slug":"domingo-se-suspendera-la-vacunacion-anticovid","status":"publish","type":"post","link":"https:\/\/nvnoticias.mx\/index.php\/2021\/06\/02\/domingo-se-suspendera-la-vacunacion-anticovid\/","title":{"rendered":"Domingo se suspender\u00e1 la vacunaci\u00f3n anticovid"},"content":{"rendered":"\n<p>El pr\u00f3ximo domingo se suspender\u00e1 la vacunaci\u00f3n contra covid-19 en todo el pa\u00eds debido a las elecciones, inform\u00f3 el presidente Andr\u00e9s Manuel L\u00f3pez Obrador; quien adem\u00e1s destac\u00f3 que ayer se rompi\u00f3 r\u00e9cord en la cantidad de dosis aplicadas.&nbsp;&nbsp;<\/p>\n\n\n\n<blockquote class=\"wp-block-quote is-layout-flow wp-block-quote-is-layout-flow\"><p>\u201cVamos a dar a conocer que ayer se rompi\u00f3 r\u00e9cord en vacunaci\u00f3n, es algo important\u00edsimo, (\u2026) m\u00e1s de 800 mil vacunados ayer, entonces vamos a cumplir con el programa\u201d, coment\u00f3.\u00a0<\/p><\/blockquote>\n\n\n\n<p>En su conferencia ma\u00f1anera, el mandatario indic\u00f3 que esta semana concluir\u00e1 la aplicaci\u00f3n de la primera dosis al grupo de entre 50 y 59 a\u00f1os, gracias a que ayer se inocularon 816 mil 380 personas. Adem\u00e1s, sostuvo que es probable que esta semana se llegue al mill\u00f3n de inmunizaciones en el sector.&nbsp;&nbsp;<\/p>\n\n\n\n<p>L\u00f3pez Obrador se\u00f1al\u00f3 que el gobierno posee vacunas suficientes para que se termine de vacunar a todas las personas mayores de 50 a\u00f1os, y reiter\u00f3 su compromiso de que para octubre se hayan inmunizado a todos los mayores de 18 a\u00f1os con una dosis.\u00a0\u00a0<\/p>\n\n\n\n<p>Fuente: <a href=\"https:\/\/www.milenio.com\/politica\/domingo-suspendera-vacunacion-anticovid-elecciones-amlo\">Milenio<\/a><\/p>\n","protected":false},"excerpt":{"rendered":"<p>El pr\u00f3ximo domingo se suspender\u00e1 la vacunaci\u00f3n contra covid-19 en todo el pa\u00eds debido a las elecciones, inform\u00f3 el presidente Andr\u00e9s Manuel L\u00f3pez Obrador; quien adem\u00e1s destac\u00f3 que ayer se rompi\u00f3 r\u00e9cord en la cantidad de dosis aplicadas.&nbsp;&nbsp; \u201cVamos a dar a conocer que ayer se rompi\u00f3 r\u00e9cord en vacunaci\u00f3n, es algo important\u00edsimo, (\u2026) m\u00e1s [&hellip;]<\/p>\n","protected":false},"author":6,"featured_media":9791,"comment_status":"open","ping_status":"open","sticky":false,"template":"","format":"standard","meta":{"_monsterinsights_skip_tracking":false,"_monsterinsights_sitenote_active":false,"_monsterinsights_sitenote_note":"","_monsterinsights_sitenote_category":0,"footnotes":""},"categories":[157],"tags":[175,809],"class_list":["post-14964","post","type-post","status-publish","format-standard","has-post-thumbnail","hentry","category-nacional","tag-covid-19","tag-vacunacion","wp-image-borders"],"amp_enabled":true,"_links":{"self":[{"href":"https:\/\/nvnoticias.mx\/index.php\/wp-json\/wp\/v2\/posts\/14964","targetHints":{"allow":["GET"]}}],"collection":[{"href":"https:\/\/nvnoticias.mx\/index.php\/wp-json\/wp\/v2\/posts"}],"about":[{"href":"https:\/\/nvnoticias.mx\/index.php\/wp-json\/wp\/v2\/types\/post"}],"author":[{"embeddable":true,"href":"https:\/\/nvnoticias.mx\/index.php\/wp-json\/wp\/v2\/users\/6"}],"replies":[{"embeddable":true,"href":"https:\/\/nvnoticias.mx\/index.php\/wp-json\/wp\/v2\/comments?post=14964"}],"version-history":[{"count":1,"href":"https:\/\/nvnoticias.mx\/index.php\/wp-json\/wp\/v2\/posts\/14964\/revisions"}],"predecessor-version":[{"id":14965,"href":"https:\/\/nvnoticias.mx\/index.php\/wp-json\/wp\/v2\/posts\/14964\/revisions\/14965"}],"wp:featuredmedia":[{"embeddable":true,"href":"https:\/\/nvnoticias.mx\/index.php\/wp-json\/wp\/v2\/media\/9791"}],"wp:attachment":[{"href":"https:\/\/nvnoticias.mx\/index.php\/wp-json\/wp\/v2\/media?parent=14964"}],"wp:term":[{"taxonomy":"category","embeddable":true,"href":"https:\/\/nvnoticias.mx\/index.php\/wp-json\/wp\/v2\/categories?post=14964"},{"taxonomy":"post_tag","embeddable":true,"href":"https:\/\/nvnoticias.mx\/index.php\/wp-json\/wp\/v2\/tags?post=14964"}],"curies":[{"name":"wp","href":"https:\/\/api.w.org\/{rel}","templated":true}]}}