{"id":149620,"date":"2024-05-20T13:30:00","date_gmt":"2024-05-20T19:30:00","guid":{"rendered":"https:\/\/nvnoticias.mx\/?p=149620"},"modified":"2024-05-20T14:20:30","modified_gmt":"2024-05-20T20:20:30","slug":"la-comunidad-jarochos-lgbt-presento-a-sus-reyes-de-carnaval","status":"publish","type":"post","link":"https:\/\/nvnoticias.mx\/index.php\/2024\/05\/20\/la-comunidad-jarochos-lgbt-presento-a-sus-reyes-de-carnaval\/","title":{"rendered":"La Comunidad Jarochos LGBT present\u00f3 a sus reyes de carnaval"},"content":{"rendered":"\n<p><\/p>\n\n\n\n<p><strong>Jes\u00fas Utrilla \/ NV Noticias<\/strong><\/p>\n\n\n\n<p>La Comunidad Jarochos LGBT present\u00f3 a sus reyes de carnaval, Humberto Cervantes y Lady Audios. Guillermo Izacur Maldonado, presidente de la Comunidad Jarochos, dijo que a\u00fan no hay fecha para la coronaci\u00f3n, sin embargo, admiti\u00f3 que no ser\u00e1 la \u00fanica corte LGBT del Carnaval de Veracruz 2024.<\/p>\n\n\n\n<p>Agreg\u00f3 que en diferentes municipios hay reyes de la diversidad pero tambi\u00e9n dentro de bares y centros nocturnos. En este caso los oficiales son los que se registren ante el Comit\u00e9 de Carnaval, instituto al que agradecieron que permita la participaci\u00f3n de la comunidad en la fiesta m\u00e1s importante de la entidad.<\/p>\n\n\n\n<blockquote class=\"wp-block-quote is-layout-flow wp-block-quote-is-layout-flow\">\n<p>\u201c<em>Estar\u00eda bien que se hiciera formal la elecci\u00f3n ante el Comit\u00e9 de Carnaval, pero las dem\u00e1s organizaciones se sentir\u00edan opacadas por esa situaci\u00f3n. En la comunidad hay diferencias de opiniones y s\u00ed se har\u00eda controversia poner a una sola<\/em>\u201d.<\/p>\n<\/blockquote>\n\n\n\n<p>Las convocatorias son internas, fue as\u00ed como eligieron a los reyes de este a\u00f1o y es que en el pasado la asociaci\u00f3n fue ocupada con otros fines, por ello restringieron la convocatoria. Asegur\u00f3 que el Comit\u00e9 de Carnaval los apoya sin embargo, la mayor aportaci\u00f3n es a trav\u00e9s de los miembros de la Comunidad Jarochos.&nbsp;&nbsp;<\/p>\n\n\n\n<p>El Carnaval de Veracruz 2024 se llevar\u00e1 a cabo del 26 de junio al 2 de julio pr\u00f3ximo.<\/p>\n","protected":false},"excerpt":{"rendered":"<p>Jes\u00fas Utrilla \/ NV Noticias La Comunidad Jarochos LGBT present\u00f3 a sus reyes de carnaval, Humberto Cervantes y Lady Audios. Guillermo Izacur Maldonado, presidente de la Comunidad Jarochos, dijo que a\u00fan no hay fecha para la coronaci\u00f3n, sin embargo, admiti\u00f3 que no ser\u00e1 la \u00fanica corte LGBT del Carnaval de Veracruz 2024. Agreg\u00f3 que en [&hellip;]<\/p>\n","protected":false},"author":8,"featured_media":149621,"comment_status":"open","ping_status":"open","sticky":false,"template":"","format":"standard","meta":{"_monsterinsights_skip_tracking":false,"_monsterinsights_sitenote_active":false,"_monsterinsights_sitenote_note":"","_monsterinsights_sitenote_category":0,"footnotes":""},"categories":[154],"tags":[25742,1458,30076],"class_list":["post-149620","post","type-post","status-publish","format-standard","has-post-thumbnail","hentry","category-veracruz","tag-comunidad-jarochos","tag-lgbt","tag-reyes-de-carnaval","wp-image-borders"],"amp_enabled":true,"_links":{"self":[{"href":"https:\/\/nvnoticias.mx\/index.php\/wp-json\/wp\/v2\/posts\/149620","targetHints":{"allow":["GET"]}}],"collection":[{"href":"https:\/\/nvnoticias.mx\/index.php\/wp-json\/wp\/v2\/posts"}],"about":[{"href":"https:\/\/nvnoticias.mx\/index.php\/wp-json\/wp\/v2\/types\/post"}],"author":[{"embeddable":true,"href":"https:\/\/nvnoticias.mx\/index.php\/wp-json\/wp\/v2\/users\/8"}],"replies":[{"embeddable":true,"href":"https:\/\/nvnoticias.mx\/index.php\/wp-json\/wp\/v2\/comments?post=149620"}],"version-history":[{"count":1,"href":"https:\/\/nvnoticias.mx\/index.php\/wp-json\/wp\/v2\/posts\/149620\/revisions"}],"predecessor-version":[{"id":149622,"href":"https:\/\/nvnoticias.mx\/index.php\/wp-json\/wp\/v2\/posts\/149620\/revisions\/149622"}],"wp:featuredmedia":[{"embeddable":true,"href":"https:\/\/nvnoticias.mx\/index.php\/wp-json\/wp\/v2\/media\/149621"}],"wp:attachment":[{"href":"https:\/\/nvnoticias.mx\/index.php\/wp-json\/wp\/v2\/media?parent=149620"}],"wp:term":[{"taxonomy":"category","embeddable":true,"href":"https:\/\/nvnoticias.mx\/index.php\/wp-json\/wp\/v2\/categories?post=149620"},{"taxonomy":"post_tag","embeddable":true,"href":"https:\/\/nvnoticias.mx\/index.php\/wp-json\/wp\/v2\/tags?post=149620"}],"curies":[{"name":"wp","href":"https:\/\/api.w.org\/{rel}","templated":true}]}}