{"id":14961,"date":"2021-06-02T10:03:57","date_gmt":"2021-06-02T15:03:57","guid":{"rendered":"https:\/\/nvnoticias.mx\/?p=14961"},"modified":"2021-06-02T10:03:59","modified_gmt":"2021-06-02T15:03:59","slug":"felipe-calderon-da-positivo-a-covid","status":"publish","type":"post","link":"https:\/\/nvnoticias.mx\/index.php\/2021\/06\/02\/felipe-calderon-da-positivo-a-covid\/","title":{"rendered":"Felipe Calder\u00f3n da positivo a Covid"},"content":{"rendered":"\n<p>El expresidente\u00a0Felipe Calder\u00f3n\u00a0inform\u00f3 que este martes se realiz\u00f3 una\u00a0prueba de Covid-19 la cual\u00a0sali\u00f3 positiva, y que al presentar s\u00edntomas leves determin\u00f3 aislarse y mantenerse en reposo.<\/p>\n\n\n\n<p>A trav\u00e9s de un mensaje en su cuenta de Twitter, Calder\u00f3n Hinojosa pidi\u00f3 una disculpa a los abanderados de la alianza opositora\u00a0Va por M\u00e9xico\u00a0por no poder acudir a sus\u00a0cierres de campa\u00f1a.<\/p>\n\n\n\n<p>En este mensaje, Calder\u00f3n pidi\u00f3 a los mexicanos salir a votar el pr\u00f3ximo domingo y cerrarle el paso al autoritarismo.<\/p>\n\n\n\n<figure class=\"wp-block-embed is-type-rich is-provider-twitter wp-block-embed-twitter\"><div class=\"wp-block-embed__wrapper\">\n<blockquote class=\"twitter-tweet\" data-width=\"550\" data-dnt=\"true\"><p lang=\"es\" dir=\"ltr\">Les comparto que me hice una prueba <a href=\"https:\/\/twitter.com\/hashtag\/COVID?src=hash&amp;ref_src=twsrc%5Etfw\">#COVID<\/a> y sali\u00f3 positiva. Por fortuna los s\u00edntomas son leves y estoy bien, me encuentro aislado y en reposo. Una disculpa por no poder acompa\u00f1arlos en sus cierres de campa\u00f1a. Hay que ir a votar el domingo y cerrarle el paso al autoritarismo.<\/p>&mdash; Felipe Calder\u00f3n (@FelipeCalderon) <a href=\"https:\/\/twitter.com\/FelipeCalderon\/status\/1399910548926500867?ref_src=twsrc%5Etfw\">June 2, 2021<\/a><\/blockquote><script async src=\"https:\/\/platform.twitter.com\/widgets.js\" charset=\"utf-8\"><\/script>\n<\/div><\/figure>\n\n\n\n<p>Fuente: El Universal<\/p>\n","protected":false},"excerpt":{"rendered":"<p>El expresidente\u00a0Felipe Calder\u00f3n\u00a0inform\u00f3 que este martes se realiz\u00f3 una\u00a0prueba de Covid-19 la cual\u00a0sali\u00f3 positiva, y que al presentar s\u00edntomas leves determin\u00f3 aislarse y mantenerse en reposo. A trav\u00e9s de un mensaje en su cuenta de Twitter, Calder\u00f3n Hinojosa pidi\u00f3 una disculpa a los abanderados de la alianza opositora\u00a0Va por M\u00e9xico\u00a0por no poder acudir a sus\u00a0cierres [&hellip;]<\/p>\n","protected":false},"author":6,"featured_media":14962,"comment_status":"open","ping_status":"open","sticky":false,"template":"","format":"standard","meta":{"_monsterinsights_skip_tracking":false,"_monsterinsights_sitenote_active":false,"_monsterinsights_sitenote_note":"","_monsterinsights_sitenote_category":0,"footnotes":""},"categories":[157],"tags":[175,599],"class_list":["post-14961","post","type-post","status-publish","format-standard","has-post-thumbnail","hentry","category-nacional","tag-covid-19","tag-felipe-calderon-hinojosa","wp-image-borders"],"amp_enabled":true,"_links":{"self":[{"href":"https:\/\/nvnoticias.mx\/index.php\/wp-json\/wp\/v2\/posts\/14961","targetHints":{"allow":["GET"]}}],"collection":[{"href":"https:\/\/nvnoticias.mx\/index.php\/wp-json\/wp\/v2\/posts"}],"about":[{"href":"https:\/\/nvnoticias.mx\/index.php\/wp-json\/wp\/v2\/types\/post"}],"author":[{"embeddable":true,"href":"https:\/\/nvnoticias.mx\/index.php\/wp-json\/wp\/v2\/users\/6"}],"replies":[{"embeddable":true,"href":"https:\/\/nvnoticias.mx\/index.php\/wp-json\/wp\/v2\/comments?post=14961"}],"version-history":[{"count":1,"href":"https:\/\/nvnoticias.mx\/index.php\/wp-json\/wp\/v2\/posts\/14961\/revisions"}],"predecessor-version":[{"id":14963,"href":"https:\/\/nvnoticias.mx\/index.php\/wp-json\/wp\/v2\/posts\/14961\/revisions\/14963"}],"wp:featuredmedia":[{"embeddable":true,"href":"https:\/\/nvnoticias.mx\/index.php\/wp-json\/wp\/v2\/media\/14962"}],"wp:attachment":[{"href":"https:\/\/nvnoticias.mx\/index.php\/wp-json\/wp\/v2\/media?parent=14961"}],"wp:term":[{"taxonomy":"category","embeddable":true,"href":"https:\/\/nvnoticias.mx\/index.php\/wp-json\/wp\/v2\/categories?post=14961"},{"taxonomy":"post_tag","embeddable":true,"href":"https:\/\/nvnoticias.mx\/index.php\/wp-json\/wp\/v2\/tags?post=14961"}],"curies":[{"name":"wp","href":"https:\/\/api.w.org\/{rel}","templated":true}]}}