{"id":149566,"date":"2024-05-20T08:55:44","date_gmt":"2024-05-20T14:55:44","guid":{"rendered":"https:\/\/nvnoticias.mx\/?p=149566"},"modified":"2024-05-20T08:55:46","modified_gmt":"2024-05-20T14:55:46","slug":"se-acusan-claudia-sheinbaum-y-xochitl-galvez-de-nexos-con-el-crimen-organizado-en-tercer-debate-presidencial","status":"publish","type":"post","link":"https:\/\/nvnoticias.mx\/index.php\/2024\/05\/20\/se-acusan-claudia-sheinbaum-y-xochitl-galvez-de-nexos-con-el-crimen-organizado-en-tercer-debate-presidencial\/","title":{"rendered":"Se acusan Claudia Sheinbaum y X\u00f3chitl G\u00e1lvez de nexos con el crimen organizado en tercer debate presidencial"},"content":{"rendered":"\n<p>En el \u00faltimo debate presidencial para buscar el voto de los indecisos persistieron las acusaciones de X\u00f3chitl G\u00e1lvez Ruiz en contra de la candidata oficialista Claudia Sheinbaum Pardo, y dijo que l\u00edderes de Morena y el propio presidente Andr\u00e9s Manuel L\u00f3pez Obrador tienen presuntos v\u00ednculos con el narco o el crimen; la abanderada guinda le respondi\u00f3 que el PRI tiene m\u00e1s gobernadores pr\u00f3fugos y en la c\u00e1rcel que en funciones, y asegur\u00f3 que la oposici\u00f3n representa el pasado de Genaro Garc\u00eda Luna, de los fraudes electorales, de masacres como la de 1968, el saqueo y los privilegios.<\/p>\n\n\n\n<p>El aspirante de Movimiento Ciudadano (MC), Jorge \u00c1lvarez M\u00e1ynez \u2014por momentos m\u00e1s cr\u00edtico contra G\u00e1lvez Ruiz\u2014 present\u00f3 lo que consider\u00f3 la disyuntiva del 2 de junio: \u201cConmigo no tienen que preocuparse por cu\u00e1l Garc\u00eda es peor, si [Genaro] Garc\u00eda Luna u [Omar] Garc\u00eda Harfuch\u201d, apunt\u00f3.<\/p>\n\n\n\n<p>El tercer y \u00faltimo debate se realiz\u00f3 en el Centro Cultural Universitario Tlatelolco, propiedad y recinto de la Universidad Nacional Aut\u00f3noma de M\u00e9xico (UNAM), custodiado en su interior por decenas de j\u00f3venes militares vestidos de civiles que vigilaban todos los espacios.<\/p>\n\n\n\n<p>En el encuentro se abordaron temas r\u00edspidos para los candidatos: pol\u00edtica social; inseguridad y crimen organizado; migraci\u00f3n y pol\u00edtica exterior; democracia, pluralismo y divisi\u00f3n de poderes.<\/p>\n\n\n\n<p>Tlatelolco despert\u00f3 la memoria de la masacre de estudiantes en 1968; Sheinbaum Pardo \u2014portando un conjunto morado\u2014 aprovech\u00f3 su mensaje inicial para se\u00f1alar que 56 a\u00f1os despu\u00e9s siguen con el mismo PRIAN. Al arrancar el bloque de inseguridad, la candidata de Morena acus\u00f3 que el expresidente Felipe Calder\u00f3n Hinojosa inici\u00f3 la guerra contra el narco en 2006, a la que le dio continuidad Enrique Pe\u00f1a Nieto, en cambio, dijo que el presidente L\u00f3pez Obrador ha apostado por construir la paz.<\/p>\n\n\n\n<p>Fuente: El <a href=\"https:\/\/www.eluniversal.com.mx\/elecciones\/en-tercer-debate-presidencial-claudia-sheinbaum-y-xochitl-se-acusan-de-nexos-con-el-crimen-organizado\/\" data-type=\"link\" data-id=\"https:\/\/www.eluniversal.com.mx\/elecciones\/en-tercer-debate-presidencial-claudia-sheinbaum-y-xochitl-se-acusan-de-nexos-con-el-crimen-organizado\/\">Universal<\/a><\/p>\n\n\n\n<p><br><\/p>\n","protected":false},"excerpt":{"rendered":"<p>En el \u00faltimo debate presidencial para buscar el voto de los indecisos persistieron las acusaciones de X\u00f3chitl G\u00e1lvez Ruiz en contra de la candidata oficialista Claudia Sheinbaum Pardo, y dijo que l\u00edderes de Morena y el propio presidente Andr\u00e9s Manuel L\u00f3pez Obrador tienen presuntos v\u00ednculos con el narco o el crimen; la abanderada guinda le [&hellip;]<\/p>\n","protected":false},"author":35,"featured_media":149568,"comment_status":"open","ping_status":"open","sticky":false,"template":"","format":"standard","meta":{"_monsterinsights_skip_tracking":false,"_monsterinsights_sitenote_active":false,"_monsterinsights_sitenote_note":"","_monsterinsights_sitenote_category":0,"footnotes":""},"categories":[158],"tags":[2801,28969,21609],"class_list":["post-149566","post","type-post","status-publish","format-standard","has-post-thumbnail","hentry","category-politica","tag-claudia-sheinbaum","tag-jorge-alvarez-maynez","tag-xochitl-galvez","wp-image-borders"],"amp_enabled":true,"_links":{"self":[{"href":"https:\/\/nvnoticias.mx\/index.php\/wp-json\/wp\/v2\/posts\/149566","targetHints":{"allow":["GET"]}}],"collection":[{"href":"https:\/\/nvnoticias.mx\/index.php\/wp-json\/wp\/v2\/posts"}],"about":[{"href":"https:\/\/nvnoticias.mx\/index.php\/wp-json\/wp\/v2\/types\/post"}],"author":[{"embeddable":true,"href":"https:\/\/nvnoticias.mx\/index.php\/wp-json\/wp\/v2\/users\/35"}],"replies":[{"embeddable":true,"href":"https:\/\/nvnoticias.mx\/index.php\/wp-json\/wp\/v2\/comments?post=149566"}],"version-history":[{"count":2,"href":"https:\/\/nvnoticias.mx\/index.php\/wp-json\/wp\/v2\/posts\/149566\/revisions"}],"predecessor-version":[{"id":149569,"href":"https:\/\/nvnoticias.mx\/index.php\/wp-json\/wp\/v2\/posts\/149566\/revisions\/149569"}],"wp:featuredmedia":[{"embeddable":true,"href":"https:\/\/nvnoticias.mx\/index.php\/wp-json\/wp\/v2\/media\/149568"}],"wp:attachment":[{"href":"https:\/\/nvnoticias.mx\/index.php\/wp-json\/wp\/v2\/media?parent=149566"}],"wp:term":[{"taxonomy":"category","embeddable":true,"href":"https:\/\/nvnoticias.mx\/index.php\/wp-json\/wp\/v2\/categories?post=149566"},{"taxonomy":"post_tag","embeddable":true,"href":"https:\/\/nvnoticias.mx\/index.php\/wp-json\/wp\/v2\/tags?post=149566"}],"curies":[{"name":"wp","href":"https:\/\/api.w.org\/{rel}","templated":true}]}}