{"id":149530,"date":"2024-05-19T13:00:55","date_gmt":"2024-05-19T19:00:55","guid":{"rendered":"https:\/\/nvnoticias.mx\/?p=149530"},"modified":"2024-05-19T13:00:57","modified_gmt":"2024-05-19T19:00:57","slug":"emilia-perez-es-ovacionada-en-cannes","status":"publish","type":"post","link":"https:\/\/nvnoticias.mx\/index.php\/2024\/05\/19\/emilia-perez-es-ovacionada-en-cannes\/","title":{"rendered":"&#8220;Emilia P\u00e9rez&#8221; es ovacionada en Cannes"},"content":{"rendered":"\n<p>Con aplausos en las proyecciones de prensa y una ovaci\u00f3n de m\u00e1s de 12 minutos durante su estreno mundial, es como terminaron de ponerle los pelos de punta al p\u00fablico que tuvo la oportunidad de subirse a la monta\u00f1a rusa de emociones que despierta el nuevo filme del director franc\u00e9s Jacques Audiard.<\/p>\n\n\n\n<p>Al estreno de la coproducci\u00f3n mexicana Emilia P\u00e9rez, que compite por la Palma de Oro, acudieron el Jurado de esta 77 edici\u00f3n del Festival, encabezado por Greta Gerwig, la oscarizada directora Justine Triet, la actriz mexicana, Salma Hayek; Rossy de Palma, Ester Exp\u00f3sito, Eva Longoria, Carla Bruni, Marisa Paredes, as\u00ed como todo el equipo y protagonistas de la cinta de Jacques Audiard, quien ha puesto su lente 100% en M\u00e9xico.<\/p>\n\n\n\n<p>Emilia P\u00e9rez narra la historia del narcotraficante mexicano Manitas del Monte (Karla Sof\u00eda Gasc\u00f3n) quien contrata a Rita, una brillante abogada (Zoe Salda\u00f1a) para que le ayude a cambiar de sexo y comience la vida que siempre ha querido. Todo ello, envuelto en un melodrama musical que acompa\u00f1a al espectador sin paternalismos ni folclores.<\/p>\n\n\n\n<p>Audiard logra sacudirse la mirada de extranjero y hacer propia una historia en la que el director franc\u00e9s toca los hilos de la problem\u00e1tica social con elegancia, respeto y genialidad. \u00bfC\u00f3mo hablar de violencia sin que el cansancio y la sobre exposici\u00f3n de \u00e9sta levanten barreras? \u00bfC\u00f3mo se habla de un tejido social roto y desgarrado, de la b\u00fasqueda de identidad, del arrepentimiento, la redenci\u00f3n e incluso del amor sin caer en clich\u00e9s?<\/p>\n\n\n\n<p>Ese es el objetivo de Emilia P\u00e9rez, en la que se ve a Zoe Salda\u00f1a atascarse con algunas frases mexicanas, a trav\u00e9s de una actuaci\u00f3n que va desde el drama hasta la danza y el canto, con m\u00fasica de M\u00e9xico, que hace que la proeza de internarse en su universo sea natural.<\/p>\n\n\n\n<p>La protagonista, Karla Sof\u00eda Gasc\u00f3n, en mancuerna con Selena Gomez, terminan de completar esa amalgama en la que un breve, pero rotundo Edgar Ram\u00edrez se luce.<\/p>\n","protected":false},"excerpt":{"rendered":"<p>Con aplausos en las proyecciones de prensa y una ovaci\u00f3n de m\u00e1s de 12 minutos durante su estreno mundial, es como terminaron de ponerle los pelos de punta al p\u00fablico que tuvo la oportunidad de subirse a la monta\u00f1a rusa de emociones que despierta el nuevo filme del director franc\u00e9s Jacques Audiard. Al estreno de [&hellip;]<\/p>\n","protected":false},"author":35,"featured_media":149532,"comment_status":"open","ping_status":"open","sticky":false,"template":"","format":"standard","meta":{"_monsterinsights_skip_tracking":false,"_monsterinsights_sitenote_active":false,"_monsterinsights_sitenote_note":"","_monsterinsights_sitenote_category":0,"footnotes":""},"categories":[576],"tags":[9546,30067],"class_list":["post-149530","post","type-post","status-publish","format-standard","has-post-thumbnail","hentry","category-ocio","tag-cannes-world-film-festival","tag-emilia-perez","wp-image-borders"],"amp_enabled":true,"_links":{"self":[{"href":"https:\/\/nvnoticias.mx\/index.php\/wp-json\/wp\/v2\/posts\/149530","targetHints":{"allow":["GET"]}}],"collection":[{"href":"https:\/\/nvnoticias.mx\/index.php\/wp-json\/wp\/v2\/posts"}],"about":[{"href":"https:\/\/nvnoticias.mx\/index.php\/wp-json\/wp\/v2\/types\/post"}],"author":[{"embeddable":true,"href":"https:\/\/nvnoticias.mx\/index.php\/wp-json\/wp\/v2\/users\/35"}],"replies":[{"embeddable":true,"href":"https:\/\/nvnoticias.mx\/index.php\/wp-json\/wp\/v2\/comments?post=149530"}],"version-history":[{"count":2,"href":"https:\/\/nvnoticias.mx\/index.php\/wp-json\/wp\/v2\/posts\/149530\/revisions"}],"predecessor-version":[{"id":149533,"href":"https:\/\/nvnoticias.mx\/index.php\/wp-json\/wp\/v2\/posts\/149530\/revisions\/149533"}],"wp:featuredmedia":[{"embeddable":true,"href":"https:\/\/nvnoticias.mx\/index.php\/wp-json\/wp\/v2\/media\/149532"}],"wp:attachment":[{"href":"https:\/\/nvnoticias.mx\/index.php\/wp-json\/wp\/v2\/media?parent=149530"}],"wp:term":[{"taxonomy":"category","embeddable":true,"href":"https:\/\/nvnoticias.mx\/index.php\/wp-json\/wp\/v2\/categories?post=149530"},{"taxonomy":"post_tag","embeddable":true,"href":"https:\/\/nvnoticias.mx\/index.php\/wp-json\/wp\/v2\/tags?post=149530"}],"curies":[{"name":"wp","href":"https:\/\/api.w.org\/{rel}","templated":true}]}}