{"id":149524,"date":"2024-05-19T11:43:58","date_gmt":"2024-05-19T17:43:58","guid":{"rendered":"https:\/\/nvnoticias.mx\/?p=149524"},"modified":"2024-05-19T11:44:00","modified_gmt":"2024-05-19T17:44:00","slug":"marcharon-por-el-bulevar-de-la-zona-conurbada-para-pronunciarse-a-favor-de-la-republica","status":"publish","type":"post","link":"https:\/\/nvnoticias.mx\/index.php\/2024\/05\/19\/marcharon-por-el-bulevar-de-la-zona-conurbada-para-pronunciarse-a-favor-de-la-republica\/","title":{"rendered":"Marcharon por el bulevar de la zona conurbada para pronunciarse a favor de la Rep\u00fablica"},"content":{"rendered":"\n<p><strong>Jesus Utrilla | NV Noticias<\/strong><\/p>\n\n\n\n<p>Ciudadanos marcharon por el bulevar de la zona conurbada Veracruz- Boca del R\u00edo para pronunciarse a favor de la Rep\u00fablica. Durante el discurso en Plaza de la Soberan\u00eda, admitieron que no es falta de democracia sino apat\u00eda del ciudadano y falta de participaci\u00f3n en las elecciones.<\/p>\n\n\n\n<p>Por ello llamaron a acudir el 2 de junio a las urnas.<\/p>\n\n\n\n<blockquote class=\"wp-block-quote is-layout-flow wp-block-quote-is-layout-flow\">\n<p>\u201cEste mensaje es para ti que trabajas duro y cada vez te alcanza para menos. Para ti que no sales a las calles por la inseguridad y para ti que tienes dudas pensando que no puedes hacer nada con tu voto\u201d.<\/p>\n<\/blockquote>\n\n\n\n<p>Recordaron que con el voto se ha castigado a gobiernos ya que la democracia garantiza la libertad y los derechos pero el problema es la apat\u00eda de los mexicanos, cuando se decide cambiar al pa\u00eds por unos pesos.<\/p>\n\n\n\n<p>Destacaron que Veracruz es un pueblo de lucha que ya ha defendido la democracia y en estos momentos electorales debe haber uni\u00f3n para ser una oposici\u00f3n fuerte y decidida.<\/p>\n\n\n\n<p>Advirtieron que se est\u00e1 a punto de ver como los derechos desaparecen, como a la vivienda, jubilaci\u00f3n y libertad de expresi\u00f3n, por eso se debe acudir a votar el 2 de junio.<\/p>\n\n\n\n<p>Dijeron que la Rep\u00fablica peligra cuando se persigue a los civiles en lugar de los delincuentes, cuando el gobierno tiene otros datos.<\/p>\n\n\n\n<p>Los manifestantes llevaron consigo pancartas con leyendas \u201cno m\u00e1s desvi\u00f3 de dinero p\u00fablico para campa\u00f1as\u201d, \u201cdefendamos las casillas el 2 de junio\u201d, \u201cel Congreso tambi\u00e9n importa\u201d, entre otros.<\/p>\n","protected":false},"excerpt":{"rendered":"<p>Jesus Utrilla | NV Noticias Ciudadanos marcharon por el bulevar de la zona conurbada Veracruz- Boca del R\u00edo para pronunciarse a favor de la Rep\u00fablica. Durante el discurso en Plaza de la Soberan\u00eda, admitieron que no es falta de democracia sino apat\u00eda del ciudadano y falta de participaci\u00f3n en las elecciones. Por ello llamaron a [&hellip;]<\/p>\n","protected":false},"author":35,"featured_media":149521,"comment_status":"open","ping_status":"open","sticky":false,"template":"","format":"standard","meta":{"_monsterinsights_skip_tracking":false,"_monsterinsights_sitenote_active":false,"_monsterinsights_sitenote_note":"","_monsterinsights_sitenote_category":0,"footnotes":""},"categories":[154],"tags":[6380,21039],"class_list":["post-149524","post","type-post","status-publish","format-standard","has-post-thumbnail","hentry","category-veracruz","tag-bulevar","tag-marcharon","wp-image-borders"],"amp_enabled":true,"_links":{"self":[{"href":"https:\/\/nvnoticias.mx\/index.php\/wp-json\/wp\/v2\/posts\/149524","targetHints":{"allow":["GET"]}}],"collection":[{"href":"https:\/\/nvnoticias.mx\/index.php\/wp-json\/wp\/v2\/posts"}],"about":[{"href":"https:\/\/nvnoticias.mx\/index.php\/wp-json\/wp\/v2\/types\/post"}],"author":[{"embeddable":true,"href":"https:\/\/nvnoticias.mx\/index.php\/wp-json\/wp\/v2\/users\/35"}],"replies":[{"embeddable":true,"href":"https:\/\/nvnoticias.mx\/index.php\/wp-json\/wp\/v2\/comments?post=149524"}],"version-history":[{"count":1,"href":"https:\/\/nvnoticias.mx\/index.php\/wp-json\/wp\/v2\/posts\/149524\/revisions"}],"predecessor-version":[{"id":149525,"href":"https:\/\/nvnoticias.mx\/index.php\/wp-json\/wp\/v2\/posts\/149524\/revisions\/149525"}],"wp:featuredmedia":[{"embeddable":true,"href":"https:\/\/nvnoticias.mx\/index.php\/wp-json\/wp\/v2\/media\/149521"}],"wp:attachment":[{"href":"https:\/\/nvnoticias.mx\/index.php\/wp-json\/wp\/v2\/media?parent=149524"}],"wp:term":[{"taxonomy":"category","embeddable":true,"href":"https:\/\/nvnoticias.mx\/index.php\/wp-json\/wp\/v2\/categories?post=149524"},{"taxonomy":"post_tag","embeddable":true,"href":"https:\/\/nvnoticias.mx\/index.php\/wp-json\/wp\/v2\/tags?post=149524"}],"curies":[{"name":"wp","href":"https:\/\/api.w.org\/{rel}","templated":true}]}}