{"id":149510,"date":"2024-05-19T10:43:57","date_gmt":"2024-05-19T16:43:57","guid":{"rendered":"https:\/\/nvnoticias.mx\/?p=149510"},"modified":"2024-05-19T10:43:59","modified_gmt":"2024-05-19T16:43:59","slug":"desaparece-helicoptero-donde-viajaba-el-presidente-de-iran-tras-aterrizaje-forzoso","status":"publish","type":"post","link":"https:\/\/nvnoticias.mx\/index.php\/2024\/05\/19\/desaparece-helicoptero-donde-viajaba-el-presidente-de-iran-tras-aterrizaje-forzoso\/","title":{"rendered":"Desaparece helic\u00f3ptero donde viajaba el presidente de Ir\u00e1n tras aterrizaje forzoso"},"content":{"rendered":"\n<p>El helic\u00f3ptero que transportaba al presidente de Ir\u00e1n, Ebrahim Rais\u00ed, se encuentra en paradero desconocido tras realizar un \u201caterrizaje forzoso\u201d en el noroeste del pa\u00eds y se desconoce el estado del mandatario, informaron la agencia oficial IRNA y la televisi\u00f3n estatal.<\/p>\n\n\n\n<p>Las autoridades no han explicado la causa del \u201caterrizaje forzoso\u201d y han puesto en marcha una operaci\u00f3n para localizar el aparato en el que viajaban Rais\u00ed y otros altos cargos del pa\u00eds, sin \u00e9xito hasta ahora debido a la situaci\u00f3n climatolog\u00eda adversa.<\/p>\n\n\n\n<blockquote class=\"wp-block-quote is-layout-flow wp-block-quote-is-layout-flow\">\n<p>\u201cTras el anuncio del accidente del helic\u00f3ptero que transporta al presidente, se han enviado equipos de rescate\u201d, dijo el presidente de la Media Luna Roja, Babak Mahmoud a medios iran\u00edes.<\/p>\n<\/blockquote>\n\n\n\n<p>Fuente: El <a href=\"https:\/\/www.eluniversal.com.mx\/mundo\/desaparece-helicoptero-donde-viajaba-el-presidente-de-iran-tras-aterrizaje-forzoso\/\" data-type=\"link\" data-id=\"https:\/\/www.eluniversal.com.mx\/mundo\/desaparece-helicoptero-donde-viajaba-el-presidente-de-iran-tras-aterrizaje-forzoso\/\">Universal<\/a><\/p>\n\n\n\n<p><br><\/p>\n","protected":false},"excerpt":{"rendered":"<p>El helic\u00f3ptero que transportaba al presidente de Ir\u00e1n, Ebrahim Rais\u00ed, se encuentra en paradero desconocido tras realizar un \u201caterrizaje forzoso\u201d en el noroeste del pa\u00eds y se desconoce el estado del mandatario, informaron la agencia oficial IRNA y la televisi\u00f3n estatal. Las autoridades no han explicado la causa del \u201caterrizaje forzoso\u201d y han puesto en [&hellip;]<\/p>\n","protected":false},"author":35,"featured_media":149512,"comment_status":"open","ping_status":"open","sticky":false,"template":"","format":"standard","meta":{"_monsterinsights_skip_tracking":false,"_monsterinsights_sitenote_active":false,"_monsterinsights_sitenote_note":"","_monsterinsights_sitenote_category":0,"footnotes":""},"categories":[181],"tags":[9777,14040,5665],"class_list":["post-149510","post","type-post","status-publish","format-standard","has-post-thumbnail","hentry","category-internacional","tag-desaparece","tag-helicoptero","tag-iran","wp-image-borders"],"amp_enabled":true,"_links":{"self":[{"href":"https:\/\/nvnoticias.mx\/index.php\/wp-json\/wp\/v2\/posts\/149510","targetHints":{"allow":["GET"]}}],"collection":[{"href":"https:\/\/nvnoticias.mx\/index.php\/wp-json\/wp\/v2\/posts"}],"about":[{"href":"https:\/\/nvnoticias.mx\/index.php\/wp-json\/wp\/v2\/types\/post"}],"author":[{"embeddable":true,"href":"https:\/\/nvnoticias.mx\/index.php\/wp-json\/wp\/v2\/users\/35"}],"replies":[{"embeddable":true,"href":"https:\/\/nvnoticias.mx\/index.php\/wp-json\/wp\/v2\/comments?post=149510"}],"version-history":[{"count":2,"href":"https:\/\/nvnoticias.mx\/index.php\/wp-json\/wp\/v2\/posts\/149510\/revisions"}],"predecessor-version":[{"id":149513,"href":"https:\/\/nvnoticias.mx\/index.php\/wp-json\/wp\/v2\/posts\/149510\/revisions\/149513"}],"wp:featuredmedia":[{"embeddable":true,"href":"https:\/\/nvnoticias.mx\/index.php\/wp-json\/wp\/v2\/media\/149512"}],"wp:attachment":[{"href":"https:\/\/nvnoticias.mx\/index.php\/wp-json\/wp\/v2\/media?parent=149510"}],"wp:term":[{"taxonomy":"category","embeddable":true,"href":"https:\/\/nvnoticias.mx\/index.php\/wp-json\/wp\/v2\/categories?post=149510"},{"taxonomy":"post_tag","embeddable":true,"href":"https:\/\/nvnoticias.mx\/index.php\/wp-json\/wp\/v2\/tags?post=149510"}],"curies":[{"name":"wp","href":"https:\/\/api.w.org\/{rel}","templated":true}]}}