{"id":149473,"date":"2024-05-18T15:39:06","date_gmt":"2024-05-18T21:39:06","guid":{"rendered":"https:\/\/nvnoticias.mx\/?p=149473"},"modified":"2024-05-18T15:39:08","modified_gmt":"2024-05-18T21:39:08","slug":"israel-recupera-cuerpo-de-shani-louk-novia-de-mexicano-rehen-en-gaza","status":"publish","type":"post","link":"https:\/\/nvnoticias.mx\/index.php\/2024\/05\/18\/israel-recupera-cuerpo-de-shani-louk-novia-de-mexicano-rehen-en-gaza\/","title":{"rendered":"Israel recupera cuerpo de Shani Louk, novia de mexicano reh\u00e9n en Gaza"},"content":{"rendered":"\n<p><\/p>\n\n\n\n<p>Fue recuperado el cuerpo de Shani Louk,&nbsp;la joven alemana-israel\u00ed quien&nbsp;era novia del mexicano Ori\u00f3n Hern\u00e1ndez,&nbsp;y hab\u00eda sido confirmada su muerte desde octubre pasado.<\/p>\n\n\n\n<p>El Ej\u00e9rcito israel\u00ed confirm\u00f3 este viernes que junto al cuerpo de la joven mujer, se recuperaron&nbsp;los cuerpos de&nbsp;Amit Buskila, de 28 a\u00f1os, e Itzhak Gelerenter, de 57 a\u00f1os, otros&nbsp;dos rehenes.<\/p>\n\n\n\n<p>Buskila e Itzhak, ambos secuestrados y ya sin vida, asistieron el 7 de octubre al festival Nova, donde alrededor de 360 personas fueron asesinadas y 40 apresadas a manos del grupo islamista.<\/p>\n\n\n\n<p>El caso de la pareja sali\u00f3 a la luz luego de que el 7 de octubre, el mexicano Ori\u00f3n Hern\u00e1ndez fue secuestrado junto con su novia alemana-israel\u00ed Shani Louk por Ham\u00e1s, igual que unas 240 personas; un d\u00eda antes comieron platillos mexicanos en un restaurante de Tel Aviv.<\/p>\n\n\n\n<p>La joven pareja fue a cenar sin imaginarse lo que le esperaba al d\u00eda siguiente en el festival Tribe of Nove, una experiencia de m\u00fasica electr\u00f3nica en la zona des\u00e9rtica fronteriza con la Franja de Gaza, pues el evento fue blanco del grupo militar palestino.&nbsp;<\/p>\n","protected":false},"excerpt":{"rendered":"<p>Fue recuperado el cuerpo de Shani Louk,&nbsp;la joven alemana-israel\u00ed quien&nbsp;era novia del mexicano Ori\u00f3n Hern\u00e1ndez,&nbsp;y hab\u00eda sido confirmada su muerte desde octubre pasado. El Ej\u00e9rcito israel\u00ed confirm\u00f3 este viernes que junto al cuerpo de la joven mujer, se recuperaron&nbsp;los cuerpos de&nbsp;Amit Buskila, de 28 a\u00f1os, e Itzhak Gelerenter, de 57 a\u00f1os, otros&nbsp;dos rehenes. Buskila e [&hellip;]<\/p>\n","protected":false},"author":8,"featured_media":149475,"comment_status":"open","ping_status":"open","sticky":false,"template":"","format":"standard","meta":{"_monsterinsights_skip_tracking":false,"_monsterinsights_sitenote_active":false,"_monsterinsights_sitenote_note":"","_monsterinsights_sitenote_category":0,"footnotes":""},"categories":[181],"tags":[8841,8200,3337,24894,30064],"class_list":["post-149473","post","type-post","status-publish","format-standard","has-post-thumbnail","hentry","category-internacional","tag-cuerpo","tag-gaza","tag-israel","tag-rehen","tag-shani-louk","wp-image-borders"],"amp_enabled":true,"_links":{"self":[{"href":"https:\/\/nvnoticias.mx\/index.php\/wp-json\/wp\/v2\/posts\/149473","targetHints":{"allow":["GET"]}}],"collection":[{"href":"https:\/\/nvnoticias.mx\/index.php\/wp-json\/wp\/v2\/posts"}],"about":[{"href":"https:\/\/nvnoticias.mx\/index.php\/wp-json\/wp\/v2\/types\/post"}],"author":[{"embeddable":true,"href":"https:\/\/nvnoticias.mx\/index.php\/wp-json\/wp\/v2\/users\/8"}],"replies":[{"embeddable":true,"href":"https:\/\/nvnoticias.mx\/index.php\/wp-json\/wp\/v2\/comments?post=149473"}],"version-history":[{"count":1,"href":"https:\/\/nvnoticias.mx\/index.php\/wp-json\/wp\/v2\/posts\/149473\/revisions"}],"predecessor-version":[{"id":149474,"href":"https:\/\/nvnoticias.mx\/index.php\/wp-json\/wp\/v2\/posts\/149473\/revisions\/149474"}],"wp:featuredmedia":[{"embeddable":true,"href":"https:\/\/nvnoticias.mx\/index.php\/wp-json\/wp\/v2\/media\/149475"}],"wp:attachment":[{"href":"https:\/\/nvnoticias.mx\/index.php\/wp-json\/wp\/v2\/media?parent=149473"}],"wp:term":[{"taxonomy":"category","embeddable":true,"href":"https:\/\/nvnoticias.mx\/index.php\/wp-json\/wp\/v2\/categories?post=149473"},{"taxonomy":"post_tag","embeddable":true,"href":"https:\/\/nvnoticias.mx\/index.php\/wp-json\/wp\/v2\/tags?post=149473"}],"curies":[{"name":"wp","href":"https:\/\/api.w.org\/{rel}","templated":true}]}}