{"id":149428,"date":"2024-05-18T12:15:14","date_gmt":"2024-05-18T18:15:14","guid":{"rendered":"https:\/\/nvnoticias.mx\/?p=149428"},"modified":"2024-05-18T12:15:16","modified_gmt":"2024-05-18T18:15:16","slug":"sigue-en-pie-proyecto-de-trasladar-el-cableado-electrico-al-subsuelo-en-el-centro-historico-de-veracruz","status":"publish","type":"post","link":"https:\/\/nvnoticias.mx\/index.php\/2024\/05\/18\/sigue-en-pie-proyecto-de-trasladar-el-cableado-electrico-al-subsuelo-en-el-centro-historico-de-veracruz\/","title":{"rendered":"Sigue en pie proyecto de trasladar el cableado el\u00e9ctrico al subsuelo en el centro hist\u00f3rico de Veracruz"},"content":{"rendered":"\n<p><\/p>\n\n\n\n<p><strong>Jes\u00fas Utrilla \/ NV Noticias<\/strong><\/p>\n\n\n\n<p>El proyecto de trasladar el cableado el\u00e9ctrico al subsuelo en el centro hist\u00f3rico de Veracruz avanza con la participaci\u00f3n activa del Colegio de Ingenieros Mec\u00e1nicos, Electricistas, Electr\u00f3nicos y Ramas Afines del Estado. <\/p>\n\n\n\n<p>Gustavo Mendoza Barr\u00f3n, presidente del organismo, destac\u00f3 la colaboraci\u00f3n entre las autoridades municipales y los profesionales del colegio para concretar este proyecto de modernizaci\u00f3n urbana.<\/p>\n\n\n\n<p>Desde el inicio, las autoridades municipales recurrieron al asesoramiento t\u00e9cnico del colegio para garantizar que la ejecuci\u00f3n se realice con los est\u00e1ndares de calidad y seguridad necesarios.<\/p>\n\n\n\n<blockquote class=\"wp-block-quote is-layout-flow wp-block-quote-is-layout-flow\">\n<p>\u201c<em>En la revisi\u00f3n de materiales, de avances, instalaciones que se van realizando. Enviamos un experto del colegio y damos fe de que las cosas se est\u00e9n realizando con calidad<\/em>\u201d.<\/p>\n<\/blockquote>\n\n\n\n<p>El proyecto de cableado subterr\u00e1neo no solo busca embellecer el centro hist\u00f3rico y mejorar la est\u00e9tica urbana, sino tambi\u00e9n aumentar la seguridad y fiabilidad del suministro el\u00e9ctrico. Mendoza Barr\u00f3n detall\u00f3 que los ingenieros se encuentran. <\/p>\n\n\n\n<p>involucrados en la revisi\u00f3n de los materiales y las instalaciones que se est\u00e1n llevando a cabo, asegurando que cumplan con las normativas t\u00e9cnicas y de seguridad. La Comisi\u00f3n Federal de Electricidad (CFE) tambi\u00e9n juega un papel crucial en este proceso, colaborando estrechamente.<\/p>\n\n\n\n<blockquote class=\"wp-block-quote is-layout-flow wp-block-quote-is-layout-flow\">\n<p>\u201c<em>Se est\u00e1 llevando a cabo un an\u00e1lisis sobre eso y como colegio y ciudadanos debemos minimizar el riesgo. La agenda nos la van marcando de acuerdo a los avances<\/em>\u201d.<\/p>\n<\/blockquote>\n\n\n\n<p>Una de las partes complicadas del proyecto es el retiro de los transformadores que se encuentran en las banquetas y callejones del centro de la ciudad. Estos equipos, aunque necesarios para la distribuci\u00f3n de electricidad, representan un obst\u00e1culo tanto est\u00e9tico como funcional en el espacio p\u00fablico.<\/p>\n\n\n\n<p>El proyecto busca no solo la modernizaci\u00f3n de la infraestructura el\u00e9ctrica, sino tambi\u00e9n la preservaci\u00f3n del patrimonio cultural y arquitect\u00f3nico de la ciudad.<\/p>\n\n\n\n<p>El proceso de implementaci\u00f3n del cableado subterr\u00e1neo implica varias etapas, desde la planificaci\u00f3n y an\u00e1lisis t\u00e9cnico hasta la ejecuci\u00f3n y supervisi\u00f3n de las obras. <\/p>\n\n\n\n<p>Los ingenieros del colegio participan en todas estas fases, asegurando que cada paso se realice de manera meticulosa y conforme a los est\u00e1ndares m\u00e1s altos de la ingenier\u00eda.<\/p>\n","protected":false},"excerpt":{"rendered":"<p>Jes\u00fas Utrilla \/ NV Noticias El proyecto de trasladar el cableado el\u00e9ctrico al subsuelo en el centro hist\u00f3rico de Veracruz avanza con la participaci\u00f3n activa del Colegio de Ingenieros Mec\u00e1nicos, Electricistas, Electr\u00f3nicos y Ramas Afines del Estado. Gustavo Mendoza Barr\u00f3n, presidente del organismo, destac\u00f3 la colaboraci\u00f3n entre las autoridades municipales y los profesionales del colegio [&hellip;]<\/p>\n","protected":false},"author":8,"featured_media":140367,"comment_status":"open","ping_status":"open","sticky":false,"template":"","format":"standard","meta":{"_monsterinsights_skip_tracking":false,"_monsterinsights_sitenote_active":false,"_monsterinsights_sitenote_note":"","_monsterinsights_sitenote_category":0,"footnotes":""},"categories":[154],"tags":[30059,1375,12199,180],"class_list":["post-149428","post","type-post","status-publish","format-standard","has-post-thumbnail","hentry","category-veracruz","tag-cableado-electrico","tag-centro-historico","tag-subsuelo","tag-veracruz","wp-image-borders"],"amp_enabled":true,"_links":{"self":[{"href":"https:\/\/nvnoticias.mx\/index.php\/wp-json\/wp\/v2\/posts\/149428","targetHints":{"allow":["GET"]}}],"collection":[{"href":"https:\/\/nvnoticias.mx\/index.php\/wp-json\/wp\/v2\/posts"}],"about":[{"href":"https:\/\/nvnoticias.mx\/index.php\/wp-json\/wp\/v2\/types\/post"}],"author":[{"embeddable":true,"href":"https:\/\/nvnoticias.mx\/index.php\/wp-json\/wp\/v2\/users\/8"}],"replies":[{"embeddable":true,"href":"https:\/\/nvnoticias.mx\/index.php\/wp-json\/wp\/v2\/comments?post=149428"}],"version-history":[{"count":1,"href":"https:\/\/nvnoticias.mx\/index.php\/wp-json\/wp\/v2\/posts\/149428\/revisions"}],"predecessor-version":[{"id":149429,"href":"https:\/\/nvnoticias.mx\/index.php\/wp-json\/wp\/v2\/posts\/149428\/revisions\/149429"}],"wp:featuredmedia":[{"embeddable":true,"href":"https:\/\/nvnoticias.mx\/index.php\/wp-json\/wp\/v2\/media\/140367"}],"wp:attachment":[{"href":"https:\/\/nvnoticias.mx\/index.php\/wp-json\/wp\/v2\/media?parent=149428"}],"wp:term":[{"taxonomy":"category","embeddable":true,"href":"https:\/\/nvnoticias.mx\/index.php\/wp-json\/wp\/v2\/categories?post=149428"},{"taxonomy":"post_tag","embeddable":true,"href":"https:\/\/nvnoticias.mx\/index.php\/wp-json\/wp\/v2\/tags?post=149428"}],"curies":[{"name":"wp","href":"https:\/\/api.w.org\/{rel}","templated":true}]}}