{"id":149383,"date":"2024-05-17T15:07:43","date_gmt":"2024-05-17T21:07:43","guid":{"rendered":"https:\/\/nvnoticias.mx\/?p=149383"},"modified":"2024-05-17T15:20:53","modified_gmt":"2024-05-17T21:20:53","slug":"familiares-de-desaparecidos-exigen-acciones-concretas-pegan-folletos-en-veracruz","status":"publish","type":"post","link":"https:\/\/nvnoticias.mx\/index.php\/2024\/05\/17\/familiares-de-desaparecidos-exigen-acciones-concretas-pegan-folletos-en-veracruz\/","title":{"rendered":"Familiares de desaparecidos exigen acciones concretas; pegan folletos en Veracruz"},"content":{"rendered":"\n<p><\/p>\n\n\n\n<p><strong>Jes\u00fas Utrilla \/ NV Noticias<\/strong><\/p>\n\n\n\n<p>Integrantes de diversos colectivos de desaparecidos se unieron en una b\u00fasqueda en la ciudad de Veracruz. Portando folletos y colgando lonas con los rostros de sus seres queridos desaparecidos, recorrieron las calles del centro de la ciudad en un esfuerzo por obtener cualquier informaci\u00f3n que pudiera llevar al paradero de aquellos que tanto aman.<\/p>\n\n\n\n<p>Carina Montor Hern\u00e1ndez, una madre que ha vivido en la incertidumbre desde la desaparici\u00f3n de su hijo, Ricardo L\u00f3pez Montor, en el a\u00f1o 2020, se dirigi\u00f3 a la ciudadan\u00eda con un llamado desesperado a la colaboraci\u00f3n.<\/p>\n\n\n\n<blockquote class=\"wp-block-quote is-layout-flow wp-block-quote-is-layout-flow\">\n<p>\u201c<em>Es para ver si alguien de la ciudadan\u00eda tiene informaci\u00f3n sobre ellos. Todos los d\u00edas trabajamos en la b\u00fasqueda de nuestros desaparecidos&#8221;.<\/em><\/p>\n<\/blockquote>\n\n\n\n<p>A pesar del esfuerzo incansable de estos colectivos, Montor Hern\u00e1ndez reconoci\u00f3 la falta de avance en las investigaciones. Aunque la Comisi\u00f3n Estatal de B\u00fasqueda proporciona apoyo con lonas y boletines, la falta de resultados concretos es desalentadora. <\/p>\n\n\n\n<p>&#8220;Solicitamos a gritos a la Fiscal\u00eda que ponga atenci\u00f3n con nuestros desaparecidos&#8221;, clam\u00f3, instando a las autoridades a hacer m\u00e1s para resolver estos casos que han dejado a tantas familias en la angustia y el dolor.<\/p>\n\n\n\n<p>La b\u00fasqueda no se limita a las calles de la ciudad. Los esfuerzos se extienden a diferentes predios, incluyendo La Barranca de la Aurora, La Guapota y Alvarado. Cada rinc\u00f3n es explorado con la esperanza de encontrar una pista que conduzca a la reuni\u00f3n con aquellos que a\u00fan est\u00e1n ausentes.<\/p>\n\n\n\n<p>En una muestra de unidad y determinaci\u00f3n, estos buscadores tambi\u00e9n se congregaron en el Z\u00f3calo de la ciudad de Veracruz. Con la participaci\u00f3n de 14 personas, cada una en busca de un ser querido perdido, la brigada demostr\u00f3 la fuerza de la comunidad en la lucha contra la desaparici\u00f3n forzada y la impunidad que a menudo la acompa\u00f1a.<\/p>\n","protected":false},"excerpt":{"rendered":"<p>Jes\u00fas Utrilla \/ NV Noticias Integrantes de diversos colectivos de desaparecidos se unieron en una b\u00fasqueda en la ciudad de Veracruz. Portando folletos y colgando lonas con los rostros de sus seres queridos desaparecidos, recorrieron las calles del centro de la ciudad en un esfuerzo por obtener cualquier informaci\u00f3n que pudiera llevar al paradero de [&hellip;]<\/p>\n","protected":false},"author":8,"featured_media":149387,"comment_status":"open","ping_status":"open","sticky":false,"template":"","format":"standard","meta":{"_monsterinsights_skip_tracking":false,"_monsterinsights_sitenote_active":false,"_monsterinsights_sitenote_note":"","_monsterinsights_sitenote_category":0,"footnotes":""},"categories":[154],"tags":[950,3160],"class_list":["post-149383","post","type-post","status-publish","format-standard","has-post-thumbnail","hentry","category-veracruz","tag-desaparecidos","tag-familiares","wp-image-borders"],"amp_enabled":true,"_links":{"self":[{"href":"https:\/\/nvnoticias.mx\/index.php\/wp-json\/wp\/v2\/posts\/149383","targetHints":{"allow":["GET"]}}],"collection":[{"href":"https:\/\/nvnoticias.mx\/index.php\/wp-json\/wp\/v2\/posts"}],"about":[{"href":"https:\/\/nvnoticias.mx\/index.php\/wp-json\/wp\/v2\/types\/post"}],"author":[{"embeddable":true,"href":"https:\/\/nvnoticias.mx\/index.php\/wp-json\/wp\/v2\/users\/8"}],"replies":[{"embeddable":true,"href":"https:\/\/nvnoticias.mx\/index.php\/wp-json\/wp\/v2\/comments?post=149383"}],"version-history":[{"count":1,"href":"https:\/\/nvnoticias.mx\/index.php\/wp-json\/wp\/v2\/posts\/149383\/revisions"}],"predecessor-version":[{"id":149385,"href":"https:\/\/nvnoticias.mx\/index.php\/wp-json\/wp\/v2\/posts\/149383\/revisions\/149385"}],"wp:featuredmedia":[{"embeddable":true,"href":"https:\/\/nvnoticias.mx\/index.php\/wp-json\/wp\/v2\/media\/149387"}],"wp:attachment":[{"href":"https:\/\/nvnoticias.mx\/index.php\/wp-json\/wp\/v2\/media?parent=149383"}],"wp:term":[{"taxonomy":"category","embeddable":true,"href":"https:\/\/nvnoticias.mx\/index.php\/wp-json\/wp\/v2\/categories?post=149383"},{"taxonomy":"post_tag","embeddable":true,"href":"https:\/\/nvnoticias.mx\/index.php\/wp-json\/wp\/v2\/tags?post=149383"}],"curies":[{"name":"wp","href":"https:\/\/api.w.org\/{rel}","templated":true}]}}