{"id":149354,"date":"2024-05-17T11:49:10","date_gmt":"2024-05-17T17:49:10","guid":{"rendered":"https:\/\/nvnoticias.mx\/?p=149354"},"modified":"2024-05-17T11:49:12","modified_gmt":"2024-05-17T17:49:12","slug":"cuartel-de-la-marea-rosa-analiza-como-enfrentar-obstaculos-del-proximo-domingo-claudio-x-gonzalez","status":"publish","type":"post","link":"https:\/\/nvnoticias.mx\/index.php\/2024\/05\/17\/cuartel-de-la-marea-rosa-analiza-como-enfrentar-obstaculos-del-proximo-domingo-claudio-x-gonzalez\/","title":{"rendered":"Cuartel de la Marea Rosa analiza c\u00f3mo enfrentar obst\u00e1culos del pr\u00f3ximo domingo: Claudio X. Gonz\u00e1lez"},"content":{"rendered":"\n<p>El empresario Claudio X. Gonz\u00e1lez, mediante redes sociales extern\u00f3 que, el cuartel de la Marea Rosa deliberar\u00e1 c\u00f3mo enfrentar\u00e1n los obst\u00e1culos que encontrar\u00e1n en el Z\u00f3calo capitalino, el pr\u00f3ximo domingo 19 de mayo.<\/p>\n\n\n\n<blockquote class=\"wp-block-quote is-layout-flow wp-block-quote-is-layout-flow\">\n<p>\u201cEn el cuartel la Marea Rosa deliberaban c\u00f3mo hacerle para sortear algunos de los obst\u00e1culos que encontrar\u00e1n a su llegada al Z\u00f3calo este domingo\u201d, dijo en la red social X.<\/p>\n<\/blockquote>\n\n\n\n<p>El empresario recalc\u00f3 que, el presidente de la Rep\u00fablica, Andr\u00e9s Manuel L\u00f3pez Obrador, izar\u00e1 la Bandera, tras la carta que envi\u00f3 la candidata por la oposici\u00f3n X\u00f3chitl G\u00e1lvez que representa Fuerza y Coraz\u00f3n por M\u00e9xico.<\/p>\n\n\n\n<p>Claudio X. extern\u00f3, ahora el problema ser\u00e1 s\u00ed los integrantes de la Coordinadora Nacional de los Trabajadores de la Educaci\u00f3n (CNTE), permitir\u00e1n poner el s\u00edmbolo patrio.<\/p>\n\n\n\n<blockquote class=\"wp-block-quote is-layout-flow wp-block-quote-is-layout-flow\">\n<p>\u201cEl presidente dijo que s\u00ed se izar\u00e1 la bandera, luego de que X\u00f3chitl G\u00e1lvez se lo pidi\u00f3 en una carta. A ver s\u00ed ahora, el problema para no izarla es que los activistas de la CNTE no dejen pasar a los soldados\u201d, se\u00f1al\u00f3.<\/p>\n<\/blockquote>\n\n\n\n<p>Tambi\u00e9n recalc\u00f3 que la Marea Rosa nunca ha sido neutral, ya que siempre tom\u00f3 partido por la democracia, la justicia y la libertad y por el pa\u00eds.<\/p>\n\n\n\n<blockquote class=\"wp-block-quote is-layout-flow wp-block-quote-is-layout-flow\">\n<p>\u201cLa Marea Rosa nunca ha sido neutral, siempre ha tomado partido por la democracia, la justicia y la libertad, siempre ha tomado partido por M\u00e9xico\u201d, asever\u00f3 el empresario.<\/p>\n<\/blockquote>\n\n\n\n<p>Agreg\u00f3 \u201ccuando un partido (Morena), un presidente (AMLO) una candidata a la predidencia (Sheinbaum) buscan destruir la divisi\u00f3n de poderes, los contrapesos y las instituciones de la democracia liberal, apoyamos sin ambages a la \u00fanica alternativa que puede derrotar a esa deriva autoritaria en las urnas el 2 de junio: X\u00f3chitl G\u00e1lvez y los candidatos de la Coalici\u00f3n Fuerza y Coraz\u00f3n por M\u00e9xico\u201d.<\/p>\n\n\n\n<p>Fuente: El <a href=\"https:\/\/www.eluniversal.com.mx\/elecciones\/cuartel-de-la-marea-rosa-analiza-como-enfrentar-obstaculos-del-proximo-domingo-claudio-x-gonzalez\/\" data-type=\"link\" data-id=\"https:\/\/www.eluniversal.com.mx\/elecciones\/cuartel-de-la-marea-rosa-analiza-como-enfrentar-obstaculos-del-proximo-domingo-claudio-x-gonzalez\/\">Universal<\/a><br><\/p>\n","protected":false},"excerpt":{"rendered":"<p>El empresario Claudio X. Gonz\u00e1lez, mediante redes sociales extern\u00f3 que, el cuartel de la Marea Rosa deliberar\u00e1 c\u00f3mo enfrentar\u00e1n los obst\u00e1culos que encontrar\u00e1n en el Z\u00f3calo capitalino, el pr\u00f3ximo domingo 19 de mayo. \u201cEn el cuartel la Marea Rosa deliberaban c\u00f3mo hacerle para sortear algunos de los obst\u00e1culos que encontrar\u00e1n a su llegada al Z\u00f3calo [&hellip;]<\/p>\n","protected":false},"author":35,"featured_media":144742,"comment_status":"open","ping_status":"open","sticky":false,"template":"","format":"standard","meta":{"_monsterinsights_skip_tracking":false,"_monsterinsights_sitenote_active":false,"_monsterinsights_sitenote_note":"","_monsterinsights_sitenote_category":0,"footnotes":""},"categories":[158],"tags":[6517,21194],"class_list":["post-149354","post","type-post","status-publish","format-standard","has-post-thumbnail","hentry","category-politica","tag-claudio-x-gonzalez-2","tag-marea-rosa","wp-image-borders"],"amp_enabled":true,"_links":{"self":[{"href":"https:\/\/nvnoticias.mx\/index.php\/wp-json\/wp\/v2\/posts\/149354","targetHints":{"allow":["GET"]}}],"collection":[{"href":"https:\/\/nvnoticias.mx\/index.php\/wp-json\/wp\/v2\/posts"}],"about":[{"href":"https:\/\/nvnoticias.mx\/index.php\/wp-json\/wp\/v2\/types\/post"}],"author":[{"embeddable":true,"href":"https:\/\/nvnoticias.mx\/index.php\/wp-json\/wp\/v2\/users\/35"}],"replies":[{"embeddable":true,"href":"https:\/\/nvnoticias.mx\/index.php\/wp-json\/wp\/v2\/comments?post=149354"}],"version-history":[{"count":1,"href":"https:\/\/nvnoticias.mx\/index.php\/wp-json\/wp\/v2\/posts\/149354\/revisions"}],"predecessor-version":[{"id":149355,"href":"https:\/\/nvnoticias.mx\/index.php\/wp-json\/wp\/v2\/posts\/149354\/revisions\/149355"}],"wp:featuredmedia":[{"embeddable":true,"href":"https:\/\/nvnoticias.mx\/index.php\/wp-json\/wp\/v2\/media\/144742"}],"wp:attachment":[{"href":"https:\/\/nvnoticias.mx\/index.php\/wp-json\/wp\/v2\/media?parent=149354"}],"wp:term":[{"taxonomy":"category","embeddable":true,"href":"https:\/\/nvnoticias.mx\/index.php\/wp-json\/wp\/v2\/categories?post=149354"},{"taxonomy":"post_tag","embeddable":true,"href":"https:\/\/nvnoticias.mx\/index.php\/wp-json\/wp\/v2\/tags?post=149354"}],"curies":[{"name":"wp","href":"https:\/\/api.w.org\/{rel}","templated":true}]}}