{"id":149327,"date":"2024-05-17T10:51:24","date_gmt":"2024-05-17T16:51:24","guid":{"rendered":"https:\/\/nvnoticias.mx\/?p=149327"},"modified":"2024-05-17T10:51:26","modified_gmt":"2024-05-17T16:51:26","slug":"reclama-amlo-a-eu-que-practicamente-no-aporta-nada-para-el-desarrollo-de-america-latina-y-el-caribe","status":"publish","type":"post","link":"https:\/\/nvnoticias.mx\/index.php\/2024\/05\/17\/reclama-amlo-a-eu-que-practicamente-no-aporta-nada-para-el-desarrollo-de-america-latina-y-el-caribe\/","title":{"rendered":"Reclama AMLO a EU que pr\u00e1cticamente \u201cno aporta nada\u201d para el desarrollo de Am\u00e9rica Latina y el Caribe"},"content":{"rendered":"\n<p>El presidente Andr\u00e9s Manuel L\u00f3pez Obrador reclam\u00f3 que el gobierno de Estados Unidos, que encabeza el presidente Joe Biden, que pr\u00e1cticamente \u201cno aporta nada\u201d para el desarrollo de los pueblos de Am\u00e9rica Latina y el Caribe.<\/p>\n\n\n\n<p>Desde la Base Aeronaval de Tapachula, el Mandatario record\u00f3 que M\u00e9xico ha contribuido con el apoyo a naciones de la regi\u00f3n a fin de atender las causas de la migraci\u00f3n.<\/p>\n\n\n\n<p>\u201cLo que se necesita es tener m\u00e1s recursos y en eso estamos insistiendo mucho en el gobierno de Estados Unidos, que apoyen a los pueblos, a los pa\u00edses de Am\u00e9rica Central, de Am\u00e9rica Latina y el Caribe, que se invierta. Ya llevamos tiempo con lo mismo. No ha sido f\u00e1cil, espero que ya cambien, porque les piden dinero para la guerra en Ucrania, ah\u00ed va el dinero, raudales de d\u00f3lares; les piden dinero para el enfrentamiento en Medio Oriente, ah\u00ed va el dinero\u201d.<\/p>\n\n\n\n<p>El presidente L\u00f3pez Obrador cuestion\u00f3 que desde el presidente John F. Kennedy que impuls\u00f3 la Alianza para El Progreso, que se apoy\u00f3 a los pueblos de Am\u00e9rica Latina y el Caribe, no ha habido ning\u00fan programa para apoyar a la regi\u00f3n.<\/p>\n\n\n\n<p>Fuente: El <a href=\"https:\/\/www.eluniversal.com.mx\/nacion\/amlo-reclama-a-eu-que-practicamente-no-aporta-nada-para-el-desarrollo-de-america-latina-y-el-caribe\/\" data-type=\"link\" data-id=\"https:\/\/www.eluniversal.com.mx\/nacion\/amlo-reclama-a-eu-que-practicamente-no-aporta-nada-para-el-desarrollo-de-america-latina-y-el-caribe\/\">Universal<\/a><br><\/p>\n","protected":false},"excerpt":{"rendered":"<p>El presidente Andr\u00e9s Manuel L\u00f3pez Obrador reclam\u00f3 que el gobierno de Estados Unidos, que encabeza el presidente Joe Biden, que pr\u00e1cticamente \u201cno aporta nada\u201d para el desarrollo de los pueblos de Am\u00e9rica Latina y el Caribe. Desde la Base Aeronaval de Tapachula, el Mandatario record\u00f3 que M\u00e9xico ha contribuido con el apoyo a naciones de [&hellip;]<\/p>\n","protected":false},"author":35,"featured_media":64566,"comment_status":"open","ping_status":"open","sticky":false,"template":"","format":"standard","meta":{"_monsterinsights_skip_tracking":false,"_monsterinsights_sitenote_active":false,"_monsterinsights_sitenote_note":"","_monsterinsights_sitenote_category":0,"footnotes":""},"categories":[157],"tags":[2905,188,876,4740,183],"class_list":["post-149327","post","type-post","status-publish","format-standard","has-post-thumbnail","hentry","category-nacional","tag-america-latina","tag-amlo","tag-caribe","tag-desarrollo","tag-estados-unidos","wp-image-borders"],"amp_enabled":true,"_links":{"self":[{"href":"https:\/\/nvnoticias.mx\/index.php\/wp-json\/wp\/v2\/posts\/149327","targetHints":{"allow":["GET"]}}],"collection":[{"href":"https:\/\/nvnoticias.mx\/index.php\/wp-json\/wp\/v2\/posts"}],"about":[{"href":"https:\/\/nvnoticias.mx\/index.php\/wp-json\/wp\/v2\/types\/post"}],"author":[{"embeddable":true,"href":"https:\/\/nvnoticias.mx\/index.php\/wp-json\/wp\/v2\/users\/35"}],"replies":[{"embeddable":true,"href":"https:\/\/nvnoticias.mx\/index.php\/wp-json\/wp\/v2\/comments?post=149327"}],"version-history":[{"count":2,"href":"https:\/\/nvnoticias.mx\/index.php\/wp-json\/wp\/v2\/posts\/149327\/revisions"}],"predecessor-version":[{"id":149329,"href":"https:\/\/nvnoticias.mx\/index.php\/wp-json\/wp\/v2\/posts\/149327\/revisions\/149329"}],"wp:featuredmedia":[{"embeddable":true,"href":"https:\/\/nvnoticias.mx\/index.php\/wp-json\/wp\/v2\/media\/64566"}],"wp:attachment":[{"href":"https:\/\/nvnoticias.mx\/index.php\/wp-json\/wp\/v2\/media?parent=149327"}],"wp:term":[{"taxonomy":"category","embeddable":true,"href":"https:\/\/nvnoticias.mx\/index.php\/wp-json\/wp\/v2\/categories?post=149327"},{"taxonomy":"post_tag","embeddable":true,"href":"https:\/\/nvnoticias.mx\/index.php\/wp-json\/wp\/v2\/tags?post=149327"}],"curies":[{"name":"wp","href":"https:\/\/api.w.org\/{rel}","templated":true}]}}