{"id":149283,"date":"2024-05-16T13:18:17","date_gmt":"2024-05-16T19:18:17","guid":{"rendered":"https:\/\/nvnoticias.mx\/?p=149283"},"modified":"2024-05-16T13:18:18","modified_gmt":"2024-05-16T19:18:18","slug":"crecimiento-poblacional-demanda-mayor-infraestructura-hidraulica","status":"publish","type":"post","link":"https:\/\/nvnoticias.mx\/index.php\/2024\/05\/16\/crecimiento-poblacional-demanda-mayor-infraestructura-hidraulica\/","title":{"rendered":"Crecimiento poblacional demanda mayor infraestructura hidr\u00e1ulica"},"content":{"rendered":"\n<p><\/p>\n\n\n\n<p><strong>Jes\u00fas Utrilla \/ NV Noticias <\/strong><\/p>\n\n\n\n<p>La zona conurbada Veracruz-Boca del R\u00edo requiere mayor infraestructura hidr\u00e1ulica ante el crecimiento y la reconversi\u00f3n de viviendas a edificios.<\/p>\n\n\n\n<p>Sergio Lavalle Garc\u00e9s, presidente en Veracruz de la Asociaci\u00f3n Mexicana de Profesionales Inmobiliarios (Ampi), reconoci\u00f3 que los problemas de abastecimiento de l\u00edquidos son un freno en las inversiones, por lo cual las autoridades deben destinar recursos para garantizar los servicios a la poblaci\u00f3n.<\/p>\n\n\n\n<blockquote class=\"wp-block-quote is-layout-flow wp-block-quote-is-layout-flow\">\n<p><em>\u201cPara que pueda existir un crecimiento en cualquier ciudad, en cualquier lugar, necesitamos elementos b\u00e1sicos como es agua, drenaje, electricidad, Internet. Se que se est\u00e1 trabajando, es un problema ambiental\u201d.<\/em><\/p>\n<\/blockquote>\n\n\n\n<p>En la actualidad por reglamento las nuevas viviendas deben contar con almacenamientos para agua, sin embargo, la sequ\u00eda impacta directamente en el abasto.<\/p>\n\n\n\n<blockquote class=\"wp-block-quote is-layout-flow wp-block-quote-is-layout-flow\">\n<p><em>\u201cSe necesita ampliaci\u00f3n de la infraestructura, pero tambi\u00e9n tenemos un tema de sequ\u00eda, no solamente en Veracruz, sino a nivel nacional, independientemente de la infraestructura que hagan los gobiernos,  falta mucha conciencia de la poblaci\u00f3n para el cuidado del agua\u201d.<\/em><\/p>\n<\/blockquote>\n\n\n\n<p>Por otro lado reconoci\u00f3 que durante los primeros 5 meses del a\u00f1o el sector inmobiliario en Veracruz tuvo un crecimiento importante y para la segunda mitad del a\u00f1o se espera mayor dinamismo.<\/p>\n\n\n\n<p>Principalmente se comercializan viviendas residencial media y media alta, adem\u00e1s de que las instituciones bancarias continuan financiando la adquisici\u00f3n de propiedades.<\/p>\n","protected":false},"excerpt":{"rendered":"<p>Jes\u00fas Utrilla \/ NV Noticias La zona conurbada Veracruz-Boca del R\u00edo requiere mayor infraestructura hidr\u00e1ulica ante el crecimiento y la reconversi\u00f3n de viviendas a edificios. Sergio Lavalle Garc\u00e9s, presidente en Veracruz de la Asociaci\u00f3n Mexicana de Profesionales Inmobiliarios (Ampi), reconoci\u00f3 que los problemas de abastecimiento de l\u00edquidos son un freno en las inversiones, por lo [&hellip;]<\/p>\n","protected":false},"author":8,"featured_media":149285,"comment_status":"open","ping_status":"open","sticky":false,"template":"","format":"standard","meta":{"_monsterinsights_skip_tracking":false,"_monsterinsights_sitenote_active":false,"_monsterinsights_sitenote_note":"","_monsterinsights_sitenote_category":0,"footnotes":""},"categories":[154],"tags":[541,30050],"class_list":["post-149283","post","type-post","status-publish","format-standard","has-post-thumbnail","hentry","category-veracruz","tag-ampi","tag-crecimiento-poblacional","wp-image-borders"],"amp_enabled":true,"_links":{"self":[{"href":"https:\/\/nvnoticias.mx\/index.php\/wp-json\/wp\/v2\/posts\/149283","targetHints":{"allow":["GET"]}}],"collection":[{"href":"https:\/\/nvnoticias.mx\/index.php\/wp-json\/wp\/v2\/posts"}],"about":[{"href":"https:\/\/nvnoticias.mx\/index.php\/wp-json\/wp\/v2\/types\/post"}],"author":[{"embeddable":true,"href":"https:\/\/nvnoticias.mx\/index.php\/wp-json\/wp\/v2\/users\/8"}],"replies":[{"embeddable":true,"href":"https:\/\/nvnoticias.mx\/index.php\/wp-json\/wp\/v2\/comments?post=149283"}],"version-history":[{"count":1,"href":"https:\/\/nvnoticias.mx\/index.php\/wp-json\/wp\/v2\/posts\/149283\/revisions"}],"predecessor-version":[{"id":149284,"href":"https:\/\/nvnoticias.mx\/index.php\/wp-json\/wp\/v2\/posts\/149283\/revisions\/149284"}],"wp:featuredmedia":[{"embeddable":true,"href":"https:\/\/nvnoticias.mx\/index.php\/wp-json\/wp\/v2\/media\/149285"}],"wp:attachment":[{"href":"https:\/\/nvnoticias.mx\/index.php\/wp-json\/wp\/v2\/media?parent=149283"}],"wp:term":[{"taxonomy":"category","embeddable":true,"href":"https:\/\/nvnoticias.mx\/index.php\/wp-json\/wp\/v2\/categories?post=149283"},{"taxonomy":"post_tag","embeddable":true,"href":"https:\/\/nvnoticias.mx\/index.php\/wp-json\/wp\/v2\/tags?post=149283"}],"curies":[{"name":"wp","href":"https:\/\/api.w.org\/{rel}","templated":true}]}}