{"id":149270,"date":"2024-05-16T11:17:35","date_gmt":"2024-05-16T17:17:35","guid":{"rendered":"https:\/\/nvnoticias.mx\/?p=149270"},"modified":"2024-05-16T11:17:37","modified_gmt":"2024-05-16T17:17:37","slug":"rechaza-biden-pedido-de-los-republicanos-y-reservara-el-audio-de-su-declaracion-ante-procurador-especial","status":"publish","type":"post","link":"https:\/\/nvnoticias.mx\/index.php\/2024\/05\/16\/rechaza-biden-pedido-de-los-republicanos-y-reservara-el-audio-de-su-declaracion-ante-procurador-especial\/","title":{"rendered":"Rechaza Biden pedido de los republicanos y reservar\u00e1 el audio de su declaraci\u00f3n ante procurador especial"},"content":{"rendered":"\n<p>El presidente de Estados Unidos, Joe Biden, rechaz\u00f3 este jueves un pedido de legisladores republicanos para que entregue el audio de su entrevista con el procurador especial que lo investig\u00f3 por tener documentos clasificados.<\/p>\n\n\n\n<p>El Departamento de Justicia le comunic\u00f3 a los presidentes de dos comit\u00e9s de la C\u00e1mara de Representantes que Biden har\u00e1 uso de su privilegio presidencial y se reservar\u00e1 la grabaci\u00f3n.<\/p>\n\n\n\n<p>El fiscal especial Robert Hur entrevist\u00f3 extensamente al presidente para su investigaci\u00f3n sobre la retenci\u00f3n de registros clasificados por parte de Biden.<\/p>\n\n\n\n<p>En un informe de casi 350 p\u00e1ginas publicado en febrero, Hur dijo que no se justificaban cargos penales contra Biden. Pero en una secci\u00f3n pol\u00edticamente explosiva, lo describi\u00f3 como &#8220;un anciano bien intencionado y con mala memoria&#8221;.<\/p>\n\n\n\n<p>Los republicanos se han centrado en los comentarios de Hur sobre la memoria de Biden con la esperanza de reavivar el tema de la avanzada edad (81 a\u00f1os) del actual presidente dem\u00f3crata que volver\u00e1 a enfrentar al exmandatario Donald Trump (77) en las elecciones de noviembre.<\/p>\n\n\n\n<p>Se publicaron las transcripciones del di\u00e1logo de Hur con Biden, pero los diputados republicanos pretend\u00edan acceder tambi\u00e9n a los audios.<\/p>\n\n\n\n<p>El abogado de la Casa Blanca, Edward Siskel, dijo que Biden reclam\u00f3 un &#8220;privilegio ejecutivo&#8221; sobre las grabaciones para proteger la &#8220;integridad, eficacia e independencia del Departamento de Justicia y sus investigaciones policiales&#8221;.<\/p>\n\n\n\n<p>Fuente: El <a href=\"https:\/\/www.eluniversal.com.mx\/mundo\/biden-rechaza-pedido-de-los-republicanos-y-reservara-el-audio-de-su-declaracion-ante-procurador-especial\/\" data-type=\"link\" data-id=\"https:\/\/www.eluniversal.com.mx\/mundo\/biden-rechaza-pedido-de-los-republicanos-y-reservara-el-audio-de-su-declaracion-ante-procurador-especial\/\">Universal<\/a><br><\/p>\n","protected":false},"excerpt":{"rendered":"<p>El presidente de Estados Unidos, Joe Biden, rechaz\u00f3 este jueves un pedido de legisladores republicanos para que entregue el audio de su entrevista con el procurador especial que lo investig\u00f3 por tener documentos clasificados. El Departamento de Justicia le comunic\u00f3 a los presidentes de dos comit\u00e9s de la C\u00e1mara de Representantes que Biden har\u00e1 uso [&hellip;]<\/p>\n","protected":false},"author":35,"featured_media":20901,"comment_status":"open","ping_status":"open","sticky":false,"template":"","format":"standard","meta":{"_monsterinsights_skip_tracking":false,"_monsterinsights_sitenote_active":false,"_monsterinsights_sitenote_note":"","_monsterinsights_sitenote_category":0,"footnotes":""},"categories":[181],"tags":[182],"class_list":["post-149270","post","type-post","status-publish","format-standard","has-post-thumbnail","hentry","category-internacional","tag-joe-biden","wp-image-borders"],"amp_enabled":true,"_links":{"self":[{"href":"https:\/\/nvnoticias.mx\/index.php\/wp-json\/wp\/v2\/posts\/149270","targetHints":{"allow":["GET"]}}],"collection":[{"href":"https:\/\/nvnoticias.mx\/index.php\/wp-json\/wp\/v2\/posts"}],"about":[{"href":"https:\/\/nvnoticias.mx\/index.php\/wp-json\/wp\/v2\/types\/post"}],"author":[{"embeddable":true,"href":"https:\/\/nvnoticias.mx\/index.php\/wp-json\/wp\/v2\/users\/35"}],"replies":[{"embeddable":true,"href":"https:\/\/nvnoticias.mx\/index.php\/wp-json\/wp\/v2\/comments?post=149270"}],"version-history":[{"count":2,"href":"https:\/\/nvnoticias.mx\/index.php\/wp-json\/wp\/v2\/posts\/149270\/revisions"}],"predecessor-version":[{"id":149272,"href":"https:\/\/nvnoticias.mx\/index.php\/wp-json\/wp\/v2\/posts\/149270\/revisions\/149272"}],"wp:featuredmedia":[{"embeddable":true,"href":"https:\/\/nvnoticias.mx\/index.php\/wp-json\/wp\/v2\/media\/20901"}],"wp:attachment":[{"href":"https:\/\/nvnoticias.mx\/index.php\/wp-json\/wp\/v2\/media?parent=149270"}],"wp:term":[{"taxonomy":"category","embeddable":true,"href":"https:\/\/nvnoticias.mx\/index.php\/wp-json\/wp\/v2\/categories?post=149270"},{"taxonomy":"post_tag","embeddable":true,"href":"https:\/\/nvnoticias.mx\/index.php\/wp-json\/wp\/v2\/tags?post=149270"}],"curies":[{"name":"wp","href":"https:\/\/api.w.org\/{rel}","templated":true}]}}