{"id":149263,"date":"2024-05-16T10:43:34","date_gmt":"2024-05-16T16:43:34","guid":{"rendered":"https:\/\/nvnoticias.mx\/?p=149263"},"modified":"2024-05-16T10:43:36","modified_gmt":"2024-05-16T16:43:36","slug":"jubilados-exigen-pago-de-recursos-por-cesantia-y-vejez-del-imss","status":"publish","type":"post","link":"https:\/\/nvnoticias.mx\/index.php\/2024\/05\/16\/jubilados-exigen-pago-de-recursos-por-cesantia-y-vejez-del-imss\/","title":{"rendered":"Jubilados exigen pago de recursos por cesant\u00eda y vejez del IMSS"},"content":{"rendered":"\n<p><\/p>\n\n\n\n<p><strong>Sam Ojeda \/ NV Noticias<\/strong><\/p>\n\n\n\n<p>Xalapa.- M\u00e1s de 95 mil jubilados y pensionados del Instituto Mexicano del Seguro Social (IMSS) siguen en espera de la devoluci\u00f3n de los recursos por cesant\u00eda y vejez en edad avanzada a trav\u00e9s de las Afores.<\/p>\n\n\n\n<p>Al respecto, la coordinadora estatal de Movimiento Nacional de Jubilados y Pensionados \u201cPie de Lucha\u201d, Norma Elizabeth Palafox, se\u00f1al\u00f3 que de manera ilegal el Gobierno federal ha hecho uso de estos recursos, avalado por la jurisprudencia 185\/2008 emitida por la segunda sala de la Suprema Corte de Justicia de la Naci\u00f3n (SCJN), a quien pidieron eliminarla. <\/p>\n\n\n\n<blockquote class=\"wp-block-quote is-layout-flow wp-block-quote-is-layout-flow\">\n<p><em>\u201cSeguimos luchando por la entrega de nuestros ahorros, hemos demostrado ante el Gobierno federal con evidencias y fundamento jur\u00eddico que nuestro contrato colectivo de trabajo no establece la transferencia de recursos ni financiamiento de jubilaciones o pensiones con fondos de cuenta individual\u201d. <\/em><\/p>\n<\/blockquote>\n\n\n\n<p>Dijo que se trata de 28 mil 500 millones de pesos que la Secretar\u00eda de Hacienda y Cr\u00e9dito P\u00fablico (SHCP) no tiene que manejar porque se trata de los ahorros de los jubilados y pensionados. <\/p>\n\n\n\n<blockquote class=\"wp-block-quote is-layout-flow wp-block-quote-is-layout-flow\">\n<p><em>\u201cSon recursos que ilegalmente son atra\u00eddos por el Gobierno federal, por la Secretar\u00eda de Hacienda y Cr\u00e9dito P\u00fablico cuando cumplimos 60 a\u00f1os de edad para el pago de jubilaciones y pensiones pero no sucede\u201d. <\/em><\/p>\n<\/blockquote>\n\n\n\n<p>Norma Elizabeth Palafox dijo que desde 2015 se cancel\u00f3 el pago de los recursos por cesant\u00eda y vejez en edad avanzada y que estos pagos no se han reiniciado. <\/p>\n\n\n\n<p>Ante ello, pidi\u00f3 a los trabajadores en activo y a los jubilados  y pensionados se unan a la lucha para exigir el pago de estos recursos.<\/p>\n\n\n\n<blockquote class=\"wp-block-quote is-layout-flow wp-block-quote-is-layout-flow\">\n<p><em>&#8220;Personal activo, por favor lev\u00e1ntense porque es posible que no tengan una pensi\u00f3n o jubilaci\u00f3n digna\u201d, <\/em>dijo<em>. <\/em><\/p>\n<\/blockquote>\n\n\n\n<p><\/p>\n","protected":false},"excerpt":{"rendered":"<p>Sam Ojeda \/ NV Noticias Xalapa.- M\u00e1s de 95 mil jubilados y pensionados del Instituto Mexicano del Seguro Social (IMSS) siguen en espera de la devoluci\u00f3n de los recursos por cesant\u00eda y vejez en edad avanzada a trav\u00e9s de las Afores. Al respecto, la coordinadora estatal de Movimiento Nacional de Jubilados y Pensionados \u201cPie de [&hellip;]<\/p>\n","protected":false},"author":8,"featured_media":149264,"comment_status":"open","ping_status":"open","sticky":false,"template":"","format":"standard","meta":{"_monsterinsights_skip_tracking":false,"_monsterinsights_sitenote_active":false,"_monsterinsights_sitenote_note":"","_monsterinsights_sitenote_category":0,"footnotes":""},"categories":[156],"tags":[30046,365,2025,30047],"class_list":["post-149263","post","type-post","status-publish","format-standard","has-post-thumbnail","hentry","category-estado","tag-cesantia","tag-imss","tag-pensiones","tag-vejez","wp-image-borders"],"amp_enabled":true,"_links":{"self":[{"href":"https:\/\/nvnoticias.mx\/index.php\/wp-json\/wp\/v2\/posts\/149263","targetHints":{"allow":["GET"]}}],"collection":[{"href":"https:\/\/nvnoticias.mx\/index.php\/wp-json\/wp\/v2\/posts"}],"about":[{"href":"https:\/\/nvnoticias.mx\/index.php\/wp-json\/wp\/v2\/types\/post"}],"author":[{"embeddable":true,"href":"https:\/\/nvnoticias.mx\/index.php\/wp-json\/wp\/v2\/users\/8"}],"replies":[{"embeddable":true,"href":"https:\/\/nvnoticias.mx\/index.php\/wp-json\/wp\/v2\/comments?post=149263"}],"version-history":[{"count":1,"href":"https:\/\/nvnoticias.mx\/index.php\/wp-json\/wp\/v2\/posts\/149263\/revisions"}],"predecessor-version":[{"id":149265,"href":"https:\/\/nvnoticias.mx\/index.php\/wp-json\/wp\/v2\/posts\/149263\/revisions\/149265"}],"wp:featuredmedia":[{"embeddable":true,"href":"https:\/\/nvnoticias.mx\/index.php\/wp-json\/wp\/v2\/media\/149264"}],"wp:attachment":[{"href":"https:\/\/nvnoticias.mx\/index.php\/wp-json\/wp\/v2\/media?parent=149263"}],"wp:term":[{"taxonomy":"category","embeddable":true,"href":"https:\/\/nvnoticias.mx\/index.php\/wp-json\/wp\/v2\/categories?post=149263"},{"taxonomy":"post_tag","embeddable":true,"href":"https:\/\/nvnoticias.mx\/index.php\/wp-json\/wp\/v2\/tags?post=149263"}],"curies":[{"name":"wp","href":"https:\/\/api.w.org\/{rel}","templated":true}]}}