{"id":149253,"date":"2024-05-16T10:17:22","date_gmt":"2024-05-16T16:17:22","guid":{"rendered":"https:\/\/nvnoticias.mx\/?p=149253"},"modified":"2024-05-16T10:17:24","modified_gmt":"2024-05-16T16:17:24","slug":"llega-cortometraje-mexicano-al-festival-internacional-de-cine-de-cannes","status":"publish","type":"post","link":"https:\/\/nvnoticias.mx\/index.php\/2024\/05\/16\/llega-cortometraje-mexicano-al-festival-internacional-de-cine-de-cannes\/","title":{"rendered":"Llega cortometraje mexicano al Festival Internacional de Cine de Cannes"},"content":{"rendered":"\n<p>Unos viejos ba\u00f1os de vapor citadinos, con la presencia de dos mujeres en ellos, tendr\u00e1n presencia especial en el Festival Internacional de Cine de Cannes, que acaba de arrancar.<\/p>\n\n\n\n<p>El corto \u201cHA\u201d, dirigido por Almendra Castro Camacho, forma parte de las historias que el Festival de Cine de Morelia lleva al certamen galo, como una muestra de lo m\u00e1s granado de su reciente edici\u00f3n.<\/p>\n\n\n\n<p>El corto obtuvo el premio del Jurado en el llamado FICM (por sus siglas) del a\u00f1o pasado.<\/p>\n\n\n\n<p>Gabriela Montiel y Mistral Moreno protagonizan esta producci\u00f3n de 27 minutos, interpretando a las empleadas de uno de estos lugares frecuentados por hombres, donde ambas guardan secretos.<\/p>\n\n\n\n<p>\u201cEs interesante explorar un d\u00eda laboral dentro de este ba\u00f1o de vapor, con una multitud de hombres desnudos y en el que ellas, entre susurros, se cuentan cosas con la mirada que no se atreven a nombrar\u201d, comenta Montiel, a punto de partir a Francia.<\/p>\n\n\n\n<p>\u201cSiento que las mujeres muchas veces no se permit\u00edan vivir ciertas experiencias o expresar emociones. Esta es una historia velada de amor\u201d, a\u00f1ade.<\/p>\n\n\n\n<p>\u201cHA\u201d fue filmado hace dos a\u00f1os en unos viejos ba\u00f1os de la colonia Santa Mar\u00eda la Rivera en la Ciudad de M\u00e9xico. Se trata de un edificio atrapado en el tiempo al que, cuando lleg\u00f3 el equipo, los recibi\u00f3 con una variedad de olores propios de esos negocios que durante d\u00e9cadas funcionaron.<\/p>\n\n\n\n<p>\u201cFue rico estar encerrados en una misma locaci\u00f3n; hacer cine siempre es algo \u00edntimo y aqu\u00ed se logr\u00f3, como no hab\u00eda tanto cambio de luces y eso, tuvimos esa oportunidad\u201d, indica Montiel.<\/p>\n\n\n\n<p>El corto junto con \u201cExtinci\u00f3n de la especie\u201d, de Matthew Porterfield y Nicolasa Ruiz y Xquipi (Ombligo), de Juan Pablo Villalobos, son las producciones que exhibir\u00e1 el FICM en tierras francesas.<\/p>\n\n\n\n<p>Fuente: El <a href=\"https:\/\/www.eluniversal.com.mx\/espectaculos\/cortometraje-mexicano-llega-al-festival-internacional-de-cine-de-cannes\/\" data-type=\"link\" data-id=\"https:\/\/www.eluniversal.com.mx\/espectaculos\/cortometraje-mexicano-llega-al-festival-internacional-de-cine-de-cannes\/\">Universal<\/a><\/p>\n\n\n\n<p><br><\/p>\n","protected":false},"excerpt":{"rendered":"<p>Unos viejos ba\u00f1os de vapor citadinos, con la presencia de dos mujeres en ellos, tendr\u00e1n presencia especial en el Festival Internacional de Cine de Cannes, que acaba de arrancar. El corto \u201cHA\u201d, dirigido por Almendra Castro Camacho, forma parte de las historias que el Festival de Cine de Morelia lleva al certamen galo, como una [&hellip;]<\/p>\n","protected":false},"author":35,"featured_media":149255,"comment_status":"open","ping_status":"open","sticky":false,"template":"","format":"standard","meta":{"_monsterinsights_skip_tracking":false,"_monsterinsights_sitenote_active":false,"_monsterinsights_sitenote_note":"","_monsterinsights_sitenote_category":0,"footnotes":""},"categories":[576],"tags":[10946,11089],"class_list":["post-149253","post","type-post","status-publish","format-standard","has-post-thumbnail","hentry","category-ocio","tag-cortometraje","tag-festival-de-cannes","wp-image-borders"],"amp_enabled":true,"_links":{"self":[{"href":"https:\/\/nvnoticias.mx\/index.php\/wp-json\/wp\/v2\/posts\/149253","targetHints":{"allow":["GET"]}}],"collection":[{"href":"https:\/\/nvnoticias.mx\/index.php\/wp-json\/wp\/v2\/posts"}],"about":[{"href":"https:\/\/nvnoticias.mx\/index.php\/wp-json\/wp\/v2\/types\/post"}],"author":[{"embeddable":true,"href":"https:\/\/nvnoticias.mx\/index.php\/wp-json\/wp\/v2\/users\/35"}],"replies":[{"embeddable":true,"href":"https:\/\/nvnoticias.mx\/index.php\/wp-json\/wp\/v2\/comments?post=149253"}],"version-history":[{"count":2,"href":"https:\/\/nvnoticias.mx\/index.php\/wp-json\/wp\/v2\/posts\/149253\/revisions"}],"predecessor-version":[{"id":149256,"href":"https:\/\/nvnoticias.mx\/index.php\/wp-json\/wp\/v2\/posts\/149253\/revisions\/149256"}],"wp:featuredmedia":[{"embeddable":true,"href":"https:\/\/nvnoticias.mx\/index.php\/wp-json\/wp\/v2\/media\/149255"}],"wp:attachment":[{"href":"https:\/\/nvnoticias.mx\/index.php\/wp-json\/wp\/v2\/media?parent=149253"}],"wp:term":[{"taxonomy":"category","embeddable":true,"href":"https:\/\/nvnoticias.mx\/index.php\/wp-json\/wp\/v2\/categories?post=149253"},{"taxonomy":"post_tag","embeddable":true,"href":"https:\/\/nvnoticias.mx\/index.php\/wp-json\/wp\/v2\/tags?post=149253"}],"curies":[{"name":"wp","href":"https:\/\/api.w.org\/{rel}","templated":true}]}}