{"id":149192,"date":"2024-05-15T15:30:37","date_gmt":"2024-05-15T21:30:37","guid":{"rendered":"https:\/\/nvnoticias.mx\/?p=149192"},"modified":"2024-05-15T15:30:39","modified_gmt":"2024-05-15T21:30:39","slug":"estrenan-primer-trailer-de-wicked","status":"publish","type":"post","link":"https:\/\/nvnoticias.mx\/index.php\/2024\/05\/15\/estrenan-primer-trailer-de-wicked\/","title":{"rendered":"Estrenan primer tr\u00e1iler de \u201cWicked\u201d"},"content":{"rendered":"\n<p>\u201c\u00bfLa gente nace malvada? \u00bfO se vuelve malvada?\u201d. Esas son las preguntas con las que inicia el primer tr\u00e1iler oficial de Wicked, la pr\u00f3xima adaptaci\u00f3n cinematogr\u00e1fica del aclamado musical de Broadway. El video, que se lanz\u00f3 este 15 de mayo tras un primer teaser revelado en el Super Bowl, muestra detalles esenciales de la trama y deja ver lo colorido de su atm\u00f3sfera.<\/p>\n\n\n\n<p>La pel\u00edcula, dirigida por Jon M. Chu, est\u00e1 protagonizada por Ariana Grande como Glinda y Cynthia Erivo como Elphaba, dos j\u00f3venes aprendices de brujas cuyos destinos convergen inevitablemente en el m\u00e1gico mundo de Oz.<\/p>\n\n\n\n<p>Wicked es una precuela del cl\u00e1sico cuento \u201cEl Mago de Oz\u201d que explora los eventos que llevaron a la transformaci\u00f3n de Elphaba en la temida Bruja Malvada del Oeste. En este punto de la historia, se presenta su amistad con Glinda en la Universidad de Shiz. Sin embargo, el v\u00ednculo se complica por ambiciones personales y conspiraciones de otros individuos que pretenden tomar ventaja del talento de Elphaba.<\/p>\n\n\n\n<p>El tr\u00e1iler inicia con una vista panor\u00e1mica de la Ciudad Esmeralda mientras introduce a las dos protagonistas de este relato de amistad y rivalidad. Se puede apreciar a Glinda en una burbuja rosa brillante y a su nueva compa\u00f1era, con su caracter\u00edstica piel verde, respondiendo al sombrero negro que se convertir\u00e1 en su accesorio distintivo. Tambi\u00e9n se ofrece un vistazo al imponente y misterioso Mago de Oz, interpretado por Jeff Goldblum.<\/p>\n\n\n\n<p>\u201cEl inquebrantable deseo de popularidad de Glinda la lleva a dejarse seducir por el poder, mientras que la determinaci\u00f3n de Elphaba de ser fiel a s\u00ed misma y a los que la rodean tendr\u00e1 consecuencias inesperadas e impactantes en su futuro\u201d, consigna Today.com sobre la premisa del filme.<\/p>\n\n\n\n<p>Uno de los momentos m\u00e1s destacados de este avance extendido es la presentaci\u00f3n de algunas de las piezas musicales m\u00e1s ic\u00f3nicas de la obra, como \u201cPopular\u201d, \u201cThe Wizard and I\u201d y la emblem\u00e1tica \u201cDefying Gravity\u201d interpretadas por Grande y Erivo.<\/p>\n\n\n\n<p>Para la adaptaci\u00f3n de Universal Pictures, la direcci\u00f3n musical ha adoptado un sonido m\u00e1s pop, en comparaci\u00f3n con las versiones originales de Broadway. Tal es la confianza del director en el talento de sus protagonistas que las dej\u00f3 grabar las escenas con voz en vivo, en lugar de hacer lip-sync con pistas de apoyo.<\/p>\n\n\n\n<p>\u201cSon voces en directo\u201d, dijo Chu a Vanity Fair. \u201cCuando lo est\u00e1bamos filmando, las chicas dec\u00edan: \u2018A la mierda los pregrabados. Vamos en vivo\u2019\u201d<\/p>\n\n\n\n<p>El reparto del filme cuenta adem\u00e1s con Michelle Yeoh como Madame Morrible, la directora de la Universidad de Shiz, y Jonathan Bailey como Fiyero. Ethan Slater, Bowen Yang, Marissa Bode y Keala Settle tambi\u00e9n forman parte del elenco.<\/p>\n\n\n\n<p>Jon M. Chu, conocido por su trabajo en Crazy Rich Asians y En el barrio, asegur\u00f3 estar comprometido con conservar la esencia del musical en la adaptaci\u00f3n que lidera.<\/p>\n\n\n\n<p>En un video previo de la producci\u00f3n, Ariana Grande record\u00f3 con emoci\u00f3n: \u201cTuve el incre\u00edble privilegio de ver al elenco original de Broadway de \u2018Wicked\u2019 cuando ten\u00eda 10 a\u00f1os, y sent\u00ed una conexi\u00f3n inmediata\u201d, coment\u00f3 emocionada. \u201cVoy a cuidar muy bien de ella\u201d, dijo refiri\u00e9ndose a su papel de Glinda.<\/p>\n\n\n\n<p>Por su parte, Cynthia Erivo expres\u00f3 su gratitud y sorpresa al ser elegida como Elphaba: \u201cNunca pens\u00e9 en mi vida que ser\u00eda parte de algo as\u00ed\u201d.<\/p>\n\n\n\n<p>Aunque el tr\u00e1iler se abstiene de mencionarlo, Wicked ser\u00e1 una pel\u00edcula en dos partes. La primera est\u00e1 programada para el 27 de noviembre en los Estados Unidos; mientras que la segunda entrega ver\u00e1 la luz el 26 de noviembre de 2025.<\/p>\n","protected":false},"excerpt":{"rendered":"<p>\u201c\u00bfLa gente nace malvada? \u00bfO se vuelve malvada?\u201d. Esas son las preguntas con las que inicia el primer tr\u00e1iler oficial de Wicked, la pr\u00f3xima adaptaci\u00f3n cinematogr\u00e1fica del aclamado musical de Broadway. El video, que se lanz\u00f3 este 15 de mayo tras un primer teaser revelado en el Super Bowl, muestra detalles esenciales de la trama [&hellip;]<\/p>\n","protected":false},"author":35,"featured_media":149194,"comment_status":"open","ping_status":"open","sticky":false,"template":"","format":"standard","meta":{"_monsterinsights_skip_tracking":false,"_monsterinsights_sitenote_active":false,"_monsterinsights_sitenote_note":"","_monsterinsights_sitenote_category":0,"footnotes":""},"categories":[576],"tags":[23,30039,24643],"class_list":["post-149192","post","type-post","status-publish","format-standard","has-post-thumbnail","hentry","category-ocio","tag-ariana-grande","tag-cynthia-erivo","tag-wicked","wp-image-borders"],"amp_enabled":true,"_links":{"self":[{"href":"https:\/\/nvnoticias.mx\/index.php\/wp-json\/wp\/v2\/posts\/149192","targetHints":{"allow":["GET"]}}],"collection":[{"href":"https:\/\/nvnoticias.mx\/index.php\/wp-json\/wp\/v2\/posts"}],"about":[{"href":"https:\/\/nvnoticias.mx\/index.php\/wp-json\/wp\/v2\/types\/post"}],"author":[{"embeddable":true,"href":"https:\/\/nvnoticias.mx\/index.php\/wp-json\/wp\/v2\/users\/35"}],"replies":[{"embeddable":true,"href":"https:\/\/nvnoticias.mx\/index.php\/wp-json\/wp\/v2\/comments?post=149192"}],"version-history":[{"count":2,"href":"https:\/\/nvnoticias.mx\/index.php\/wp-json\/wp\/v2\/posts\/149192\/revisions"}],"predecessor-version":[{"id":149195,"href":"https:\/\/nvnoticias.mx\/index.php\/wp-json\/wp\/v2\/posts\/149192\/revisions\/149195"}],"wp:featuredmedia":[{"embeddable":true,"href":"https:\/\/nvnoticias.mx\/index.php\/wp-json\/wp\/v2\/media\/149194"}],"wp:attachment":[{"href":"https:\/\/nvnoticias.mx\/index.php\/wp-json\/wp\/v2\/media?parent=149192"}],"wp:term":[{"taxonomy":"category","embeddable":true,"href":"https:\/\/nvnoticias.mx\/index.php\/wp-json\/wp\/v2\/categories?post=149192"},{"taxonomy":"post_tag","embeddable":true,"href":"https:\/\/nvnoticias.mx\/index.php\/wp-json\/wp\/v2\/tags?post=149192"}],"curies":[{"name":"wp","href":"https:\/\/api.w.org\/{rel}","templated":true}]}}