{"id":149080,"date":"2024-05-14T14:33:06","date_gmt":"2024-05-14T20:33:06","guid":{"rendered":"https:\/\/nvnoticias.mx\/?p=149080"},"modified":"2024-05-14T14:33:07","modified_gmt":"2024-05-14T20:33:07","slug":"vuelca-autobus-con-trabajadores-agricolas-mexicanos-en-florida","status":"publish","type":"post","link":"https:\/\/nvnoticias.mx\/index.php\/2024\/05\/14\/vuelca-autobus-con-trabajadores-agricolas-mexicanos-en-florida\/","title":{"rendered":"Vuelca autob\u00fas con trabajadores agr\u00edcolas mexicanos en Florida"},"content":{"rendered":"\n<p>Al menos ocho personas murieron y m\u00e1s de 40 fueron hospitalizadas este martes tras un accidente que involucr\u00f3 un autob\u00fas que transportaba a trabajadores agr\u00edcolas mexicanos en el condado Marion (Florida), seg\u00fan inform\u00f3 la Patrulla de Caminos estatal.<\/p>\n\n\n\n<p>La canciller Alicia B\u00e1rcena expres\u00f3 su pesar por lo ocurrido. &#8220;Lamento informar que ocurri\u00f3 un tr\u00e1gico accidente automovil\u00edstico en Florida con trabajadores agr\u00edcolas mexicanos involucrados&#8221;, poste\u00f3 en su cuenta en X. Se\u00f1al\u00f3 que el Consulado de M\u00e9xico en Orlando &#8220;est\u00e1 en el lugar para apoyar a personas mexicanas y brindar protecci\u00f3n consular&#8221; y brind\u00f3 un n\u00famero de tel\u00e9fono para informaci\u00f3n sobre el tema: 520 623 78 74.<\/p>\n\n\n\n<p>La canciller no precis\u00f3 la cifra de mexicanos involucrados ni cu\u00e1ntos de ellos murieron, aunque el Consulado de M\u00e9xico en Orlando se refiri\u00f3 al &#8220;tr\u00e1gico accidente de un autob\u00fas que transportaba trabajadores agr\u00edcolas presuntamente mexicanos&#8221;.<\/p>\n\n\n\n<p>Unos 53 trabajadores inmigrantes viajaban en el autob\u00fas en la carretera m\u00e1s importante de ese condado del norte de Florida rumbo a la granja Cannon Farms, que cultiva sand\u00edas.<\/p>\n\n\n\n<p>De acuerdo con la Patrulla de Carreteras de Florida (FHP, en ingl\u00e9s) el accidente ocurri\u00f3 en la ma\u00f1ana cerca de Ocala, al norte de Tampa, cuando el autob\u00fas choc\u00f3 de lado con una camioneta.<\/p>\n\n\n\n<p>El autob\u00fas se sali\u00f3 de la carretera, atraves\u00f3 una valla y se volc\u00f3, dijo la Polic\u00eda.<\/p>\n\n\n\n<p>Im\u00e1genes del canal Fox muestran el autob\u00fas volcado al lado de una cerca de madera y \u00e1rboles.<\/p>\n\n\n\n<p>Fuente<a href=\"https:\/\/www.eluniversal.com.mx\/mundo\/choque-entre-autobus-de-campesinos-y-camion-deja-8-muertos-y-40-heridos-en-florida\/\" data-type=\"link\" data-id=\"https:\/\/www.eluniversal.com.mx\/mundo\/choque-entre-autobus-de-campesinos-y-camion-deja-8-muertos-y-40-heridos-en-florida\/\">: El Universal<\/a><br><\/p>\n","protected":false},"excerpt":{"rendered":"<p>Al menos ocho personas murieron y m\u00e1s de 40 fueron hospitalizadas este martes tras un accidente que involucr\u00f3 un autob\u00fas que transportaba a trabajadores agr\u00edcolas mexicanos en el condado Marion (Florida), seg\u00fan inform\u00f3 la Patrulla de Caminos estatal. La canciller Alicia B\u00e1rcena expres\u00f3 su pesar por lo ocurrido. &#8220;Lamento informar que ocurri\u00f3 un tr\u00e1gico accidente [&hellip;]<\/p>\n","protected":false},"author":35,"featured_media":149082,"comment_status":"open","ping_status":"open","sticky":false,"template":"","format":"standard","meta":{"_monsterinsights_skip_tracking":false,"_monsterinsights_sitenote_active":false,"_monsterinsights_sitenote_note":"","_monsterinsights_sitenote_category":0,"footnotes":""},"categories":[181],"tags":[1549,4662,11912],"class_list":["post-149080","post","type-post","status-publish","format-standard","has-post-thumbnail","hentry","category-internacional","tag-autobus","tag-florida","tag-vuelca","wp-image-borders"],"amp_enabled":true,"_links":{"self":[{"href":"https:\/\/nvnoticias.mx\/index.php\/wp-json\/wp\/v2\/posts\/149080","targetHints":{"allow":["GET"]}}],"collection":[{"href":"https:\/\/nvnoticias.mx\/index.php\/wp-json\/wp\/v2\/posts"}],"about":[{"href":"https:\/\/nvnoticias.mx\/index.php\/wp-json\/wp\/v2\/types\/post"}],"author":[{"embeddable":true,"href":"https:\/\/nvnoticias.mx\/index.php\/wp-json\/wp\/v2\/users\/35"}],"replies":[{"embeddable":true,"href":"https:\/\/nvnoticias.mx\/index.php\/wp-json\/wp\/v2\/comments?post=149080"}],"version-history":[{"count":1,"href":"https:\/\/nvnoticias.mx\/index.php\/wp-json\/wp\/v2\/posts\/149080\/revisions"}],"predecessor-version":[{"id":149081,"href":"https:\/\/nvnoticias.mx\/index.php\/wp-json\/wp\/v2\/posts\/149080\/revisions\/149081"}],"wp:featuredmedia":[{"embeddable":true,"href":"https:\/\/nvnoticias.mx\/index.php\/wp-json\/wp\/v2\/media\/149082"}],"wp:attachment":[{"href":"https:\/\/nvnoticias.mx\/index.php\/wp-json\/wp\/v2\/media?parent=149080"}],"wp:term":[{"taxonomy":"category","embeddable":true,"href":"https:\/\/nvnoticias.mx\/index.php\/wp-json\/wp\/v2\/categories?post=149080"},{"taxonomy":"post_tag","embeddable":true,"href":"https:\/\/nvnoticias.mx\/index.php\/wp-json\/wp\/v2\/tags?post=149080"}],"curies":[{"name":"wp","href":"https:\/\/api.w.org\/{rel}","templated":true}]}}