{"id":149068,"date":"2024-05-14T12:18:29","date_gmt":"2024-05-14T18:18:29","guid":{"rendered":"https:\/\/nvnoticias.mx\/?p=149068"},"modified":"2024-05-14T12:18:31","modified_gmt":"2024-05-14T18:18:31","slug":"fgr-impugna-fallo-de-no-vinculacion-a-proceso-de-esposa-de-el-mencho","status":"publish","type":"post","link":"https:\/\/nvnoticias.mx\/index.php\/2024\/05\/14\/fgr-impugna-fallo-de-no-vinculacion-a-proceso-de-esposa-de-el-mencho\/","title":{"rendered":"FGR impugna fallo de no vinculaci\u00f3n a proceso de esposa de &#8220;El Mencho&#8221;"},"content":{"rendered":"\n<p>La Fiscal\u00eda General de la Rep\u00fablica (FGR) impugn\u00f3 el fallo de un juez de control que en abril pasado determin\u00f3 no vincular a proceso a Rosalinda Gonz\u00e1lez Valencia, esposa del l\u00edder del C\u00e1rtel Jalisco Nueva Generaci\u00f3n (CJNG), Nemesio Oseguera Cervantes &#8220;El Mencho&#8221;, por los delitos de delincuencia organizada con la finalidad de cometer delitos contra la salud y operaciones con recursos de procedencia il\u00edcita (lavado de dinero).<\/p>\n\n\n\n<p>La apelaci\u00f3n, con el expediente 96\/2024, fue admitida de plano por un Tribunal Colegiado de Apelaci\u00f3n de Morelos el pasado 8 de mayo, mismo que resolver\u00e1 si ratifica la sentencia o la modifica.<\/p>\n\n\n\n<p>\u201cRemisi\u00f3n que se hace, para la tramitaci\u00f3n del recurso de apelaci\u00f3n que hace valer, agente del Ministerio P\u00fablico de la Federaci\u00f3n, adscrito a la Fiscal\u00eda Especializada en Investigaci\u00f3n de Terrorismo, Acopio y Tr\u00e1fico de Armas de la Fiscal\u00eda Especializada en Materia de Delincuencia Organizada, en contra de la determinaci\u00f3n de 15 de abril de 2024, en la que se dict\u00f3 auto de no vinculaci\u00f3n a proceso a dentro de la causa penal citada\u201d, se\u00f1ala el acuerdo publicado por el Tribunal.<\/p>\n\n\n\n<p>En audiencia del 14 de abril, un juez de control determin\u00f3 que la FGR no present\u00f3 las pruebas suficientes en la causa penal 254\/2023 para procesar a Gonz\u00e1lez Valencia, por dichos delitos.<\/p>\n\n\n\n<p>En la diligencia, los fiscales acusaron a &#8220;La Jefa&#8221; de pertenecer al C\u00e1rtel de los Valencia y al CJNG, en este \u00faltimo con funciones de direcci\u00f3n y mando.<\/p>\n\n\n\n<p>Para comprobar sus dichos, presentaron entrevistas con testigos colaboradores, que narraron hechos de 1990 a la fecha, sobre c\u00f3mo se form\u00f3 el C\u00e1rtel de los Valencia, luego el C\u00e1rtel del Milenio y despu\u00e9s el CJNG, en los que ten\u00eda supuestamente participaci\u00f3n en todo.<\/p>\n\n\n\n<p>Fuente: El <a href=\"https:\/\/www.eluniversal.com.mx\/nacion\/fgr-impugna-fallo-de-no-vinculacion-a-proceso-de-rosalinda-gonzalez-valencia-esposa-de-el-mencho\/\" data-type=\"link\" data-id=\"https:\/\/www.eluniversal.com.mx\/nacion\/fgr-impugna-fallo-de-no-vinculacion-a-proceso-de-rosalinda-gonzalez-valencia-esposa-de-el-mencho\/\">Universal<\/a><br><\/p>\n","protected":false},"excerpt":{"rendered":"<p>La Fiscal\u00eda General de la Rep\u00fablica (FGR) impugn\u00f3 el fallo de un juez de control que en abril pasado determin\u00f3 no vincular a proceso a Rosalinda Gonz\u00e1lez Valencia, esposa del l\u00edder del C\u00e1rtel Jalisco Nueva Generaci\u00f3n (CJNG), Nemesio Oseguera Cervantes &#8220;El Mencho&#8221;, por los delitos de delincuencia organizada con la finalidad de cometer delitos contra [&hellip;]<\/p>\n","protected":false},"author":35,"featured_media":31723,"comment_status":"open","ping_status":"open","sticky":false,"template":"","format":"standard","meta":{"_monsterinsights_skip_tracking":false,"_monsterinsights_sitenote_active":false,"_monsterinsights_sitenote_note":"","_monsterinsights_sitenote_category":0,"footnotes":""},"categories":[158],"tags":[7185,226],"class_list":["post-149068","post","type-post","status-publish","format-standard","has-post-thumbnail","hentry","category-politica","tag-el-mencho","tag-fgr","wp-image-borders"],"amp_enabled":true,"_links":{"self":[{"href":"https:\/\/nvnoticias.mx\/index.php\/wp-json\/wp\/v2\/posts\/149068","targetHints":{"allow":["GET"]}}],"collection":[{"href":"https:\/\/nvnoticias.mx\/index.php\/wp-json\/wp\/v2\/posts"}],"about":[{"href":"https:\/\/nvnoticias.mx\/index.php\/wp-json\/wp\/v2\/types\/post"}],"author":[{"embeddable":true,"href":"https:\/\/nvnoticias.mx\/index.php\/wp-json\/wp\/v2\/users\/35"}],"replies":[{"embeddable":true,"href":"https:\/\/nvnoticias.mx\/index.php\/wp-json\/wp\/v2\/comments?post=149068"}],"version-history":[{"count":2,"href":"https:\/\/nvnoticias.mx\/index.php\/wp-json\/wp\/v2\/posts\/149068\/revisions"}],"predecessor-version":[{"id":149070,"href":"https:\/\/nvnoticias.mx\/index.php\/wp-json\/wp\/v2\/posts\/149068\/revisions\/149070"}],"wp:featuredmedia":[{"embeddable":true,"href":"https:\/\/nvnoticias.mx\/index.php\/wp-json\/wp\/v2\/media\/31723"}],"wp:attachment":[{"href":"https:\/\/nvnoticias.mx\/index.php\/wp-json\/wp\/v2\/media?parent=149068"}],"wp:term":[{"taxonomy":"category","embeddable":true,"href":"https:\/\/nvnoticias.mx\/index.php\/wp-json\/wp\/v2\/categories?post=149068"},{"taxonomy":"post_tag","embeddable":true,"href":"https:\/\/nvnoticias.mx\/index.php\/wp-json\/wp\/v2\/tags?post=149068"}],"curies":[{"name":"wp","href":"https:\/\/api.w.org\/{rel}","templated":true}]}}