{"id":149059,"date":"2024-05-14T11:52:23","date_gmt":"2024-05-14T17:52:23","guid":{"rendered":"https:\/\/nvnoticias.mx\/?p=149059"},"modified":"2024-05-14T11:53:06","modified_gmt":"2024-05-14T17:53:06","slug":"ofrece-alito-moreno-su-renuncia-si-maynez-declina-a-favor-de-xochitl-galvez","status":"publish","type":"post","link":"https:\/\/nvnoticias.mx\/index.php\/2024\/05\/14\/ofrece-alito-moreno-su-renuncia-si-maynez-declina-a-favor-de-xochitl-galvez\/","title":{"rendered":"Ofrece \u2018Alito\u2019 Moreno su renuncia si M\u00e1ynez declina a favor de X\u00f3chitl G\u00e1lvez"},"content":{"rendered":"\n<p>El dirigente nacional del PRI, Alejandro Moreno, prometi\u00f3 que renunciar\u00e1 a la titularidad de su partido, as\u00ed como a su candidatura en el Senado, si el aspirante a la Presidencia de Movimiento Ciudadano, Jorge \u00c1lvarez M\u00e1ynez, declina a favor de X\u00f3chitl G\u00e1lvez.<\/p>\n\n\n\n<p>En conferencia de prensa, el l\u00edder priista indic\u00f3 que, a pocos d\u00edas de la elecci\u00f3n, ha quedado claro que Movimiento Ciudadano y su candidato no tienen ninguna posibilidad de ganar la Presidencia de M\u00e9xico, y s\u00f3lo representan un espacio en la ruleta electoral para dividir el voto de la oposici\u00f3n y la opini\u00f3n p\u00fablica.<\/p>\n\n\n\n<p>Incluso, se\u00f1al\u00f3 que su candidatura es una \u201cmuestra de terquedad y ambici\u00f3n pol\u00edtica\u201d, pues la \u00fanica opci\u00f3n de la oposici\u00f3n para ganar la Presidencia de la Rep\u00fablica es a trav\u00e9s de la abanderada de Fuerza y Coraz\u00f3n por M\u00e9xico. \u201cHoy el pa\u00eds nos necesita a todos muy unidos con madurez con mucha responsabilidad pol\u00edtica y con un profundo sentido patri\u00f3tico\u201d, apunt\u00f3.<\/p>\n\n\n\n<blockquote class=\"wp-block-quote is-layout-flow wp-block-quote-is-layout-flow\">\n<p>\u201cQuiero hacer un enorme llamado firme y claro: (\u2026) si antes del tercer debate el pr\u00f3ximo 19 de marzo, el candidato del partido Movimiento Ciudadano, Jorge \u00c1lvarez M\u00e1ynez, declina en favor de X\u00f3chitl G\u00e1lvez Ruiz, y destina todo su tiempo aire y televisi\u00f3n para pedir el voto \u00fatil a favor de nuestra candidata X\u00f3chitl G\u00e1lvez, yo renunciar\u00e9 a la dirigencia nacional del PRI y a mi candidatura al Senado de la Rep\u00fablica\u201d, dijo.<\/p>\n<\/blockquote>\n\n\n\n<p><br>Explic\u00f3 que esto incluye ceder 9 millones de spots para radio y televisi\u00f3n que le restan al MC, adem\u00e1s de promover el voto \u00fatil por la coalici\u00f3n PAN, PRI y PRD, de aqu\u00ed al final de la campa\u00f1a.<\/p>\n\n\n\n<blockquote class=\"wp-block-quote is-layout-flow wp-block-quote-is-layout-flow\">\n<p>\u201cA cambio de ello renuncio a la dirigencia nacional del PRI y mi candidatura al Senado de la Rep\u00fablica, tal como lo dijo el candidato Jorge \u00c1lvarez M\u00e1ynez, como lo ha solicitado y lo ha dicho en numerosas entrevistas consignadas a trav\u00e9s de los medios de comunicaci\u00f3n\u201d, insisti\u00f3.<\/p>\n<\/blockquote>\n\n\n\n<p>Moreno apunt\u00f3 que se trata de una propuesta seria y est\u00e1 dispuesto a ratificar y firmar ante la autoridad competente su compromiso, pues \u201cme pongo sobre la mesa ante este periodo hist\u00f3rico que vive nuestra pa\u00eds\u201d.<\/p>\n\n\n\n<p>Agreg\u00f3 que cumplir\u00e1 su promesa, pues es un un pol\u00edtico al que mueve la voluntad por el pa\u00eds, y \u201csiempre voy a servir a M\u00e9xico, donde quiera que est\u00e9 y como la situaci\u00f3n lo amerite\u201d.<\/p>\n\n\n\n<blockquote class=\"wp-block-quote is-layout-flow wp-block-quote-is-layout-flow\">\n<p>\u201cSi el costo de defender a M\u00e9xico, a sus instituciones y a su democracia, y de impulsar a nuestra candidata presidencial es renunciar a mi candidatura al Senado y a la dirigencia nacional del PRI, lo asumo con mucho orgullo, porque s\u00e9 que estamos haciendo lo correcto. (\u2026) Hoy amigas y amigos nos toca hacer patria a todos los mexicanos\u201d, remarc\u00f3.<\/p>\n<\/blockquote>\n\n\n\n<p>Fuente: <a href=\"https:\/\/www.milenio.com\/politica\/elecciones\/alejandro-moreno-renunciara-maynez-declina-favor-xochitl\" data-type=\"link\" data-id=\"https:\/\/www.milenio.com\/politica\/elecciones\/alejandro-moreno-renunciara-maynez-declina-favor-xochitl\">Milenio<\/a><br><\/p>\n","protected":false},"excerpt":{"rendered":"<p>El dirigente nacional del PRI, Alejandro Moreno, prometi\u00f3 que renunciar\u00e1 a la titularidad de su partido, as\u00ed como a su candidatura en el Senado, si el aspirante a la Presidencia de Movimiento Ciudadano, Jorge \u00c1lvarez M\u00e1ynez, declina a favor de X\u00f3chitl G\u00e1lvez. En conferencia de prensa, el l\u00edder priista indic\u00f3 que, a pocos d\u00edas de [&hellip;]<\/p>\n","protected":false},"author":35,"featured_media":84886,"comment_status":"open","ping_status":"open","sticky":false,"template":"","format":"standard","meta":{"_monsterinsights_skip_tracking":false,"_monsterinsights_sitenote_active":false,"_monsterinsights_sitenote_note":"","_monsterinsights_sitenote_category":0,"footnotes":""},"categories":[158],"tags":[16779,28969,162,21609],"class_list":["post-149059","post","type-post","status-publish","format-standard","has-post-thumbnail","hentry","category-politica","tag-alito-moreno","tag-jorge-alvarez-maynez","tag-portada","tag-xochitl-galvez","wp-image-borders"],"amp_enabled":true,"_links":{"self":[{"href":"https:\/\/nvnoticias.mx\/index.php\/wp-json\/wp\/v2\/posts\/149059","targetHints":{"allow":["GET"]}}],"collection":[{"href":"https:\/\/nvnoticias.mx\/index.php\/wp-json\/wp\/v2\/posts"}],"about":[{"href":"https:\/\/nvnoticias.mx\/index.php\/wp-json\/wp\/v2\/types\/post"}],"author":[{"embeddable":true,"href":"https:\/\/nvnoticias.mx\/index.php\/wp-json\/wp\/v2\/users\/35"}],"replies":[{"embeddable":true,"href":"https:\/\/nvnoticias.mx\/index.php\/wp-json\/wp\/v2\/comments?post=149059"}],"version-history":[{"count":1,"href":"https:\/\/nvnoticias.mx\/index.php\/wp-json\/wp\/v2\/posts\/149059\/revisions"}],"predecessor-version":[{"id":149060,"href":"https:\/\/nvnoticias.mx\/index.php\/wp-json\/wp\/v2\/posts\/149059\/revisions\/149060"}],"wp:featuredmedia":[{"embeddable":true,"href":"https:\/\/nvnoticias.mx\/index.php\/wp-json\/wp\/v2\/media\/84886"}],"wp:attachment":[{"href":"https:\/\/nvnoticias.mx\/index.php\/wp-json\/wp\/v2\/media?parent=149059"}],"wp:term":[{"taxonomy":"category","embeddable":true,"href":"https:\/\/nvnoticias.mx\/index.php\/wp-json\/wp\/v2\/categories?post=149059"},{"taxonomy":"post_tag","embeddable":true,"href":"https:\/\/nvnoticias.mx\/index.php\/wp-json\/wp\/v2\/tags?post=149059"}],"curies":[{"name":"wp","href":"https:\/\/api.w.org\/{rel}","templated":true}]}}