{"id":148876,"date":"2024-05-12T15:03:36","date_gmt":"2024-05-12T21:03:36","guid":{"rendered":"https:\/\/nvnoticias.mx\/?p=148876"},"modified":"2024-05-12T15:03:38","modified_gmt":"2024-05-12T21:03:38","slug":"aqui-nadie-se-raja-alessandra-rojo-tras-atentado-en-su-contra","status":"publish","type":"post","link":"https:\/\/nvnoticias.mx\/index.php\/2024\/05\/12\/aqui-nadie-se-raja-alessandra-rojo-tras-atentado-en-su-contra\/","title":{"rendered":"&#8220;Aqu\u00ed nadie se raja&#8221;: Alessandra Rojo tras atentado en su contra"},"content":{"rendered":"\n<p><\/p>\n\n\n\n<p>Alessandra Rojo de la Vega, candidata de oposici\u00f3n para la alcald\u00eda Cuauht\u00e9moc, asegur\u00f3 que &#8220;no se raja&#8221; tras haber sufrido un atentado a manos de hombres armados en la capital del pa\u00eds.<\/p>\n\n\n\n<p>Despu\u00e9s de que la camioneta en la que se encontraba recibi\u00f3 seis disparos de arma de fuego, la candidata del PAN, PRI y PRD exigi\u00f3 a las autoridades detener a los autores materiales e intelectuales de esta agresi\u00f3n.<\/p>\n\n\n\n<p>En conferencia de prensa, la abanderada del bloque opositor en dicha demarcaci\u00f3n, consider\u00f3 que quisieron matarla para callarla o para bajarla de la elecci\u00f3n, en la cual, afirm\u00f3, lleva ventaja.<\/p>\n\n\n\n<blockquote class=\"wp-block-quote is-layout-flow wp-block-quote-is-layout-flow\">\n<p>&#8220;Quiero que sepan que aqu\u00ed nadie se raja, que saldremos m\u00e1s fortalecidos que nunca&#8221;, coment\u00f3 la candidata al tiempo que acept\u00f3 que &#8220;su vida no ser\u00e1 igual&#8221; durante la conferencia.<\/p>\n<\/blockquote>\n\n\n\n<p>Alessandra Rojo de la Vega narr\u00f3 que los hechos ocurrieron el s\u00e1bado por la noche, cuando en su \u00faltima asamblea del d\u00eda, realizada en la colonia Peralvillo, una mujer le dio una direcci\u00f3n para que atendiera un caso de violencia, en la misma colonia, a la cual acudi\u00f3 con su chofer.<\/p>\n\n\n\n<blockquote class=\"wp-block-quote is-layout-flow wp-block-quote-is-layout-flow\">\n<p>&#8220;En la reuni\u00f3n, en la asamblea, me dieron un papel en donde me citan de manera urgente a un lugar, y cuando veo la direcci\u00f3n del lugar, dispararon. Yo alcanc\u00e9 a ver de mi lado derecho a una persona que tra\u00eda casco y pues nada m\u00e1s voltear el primer disparo y me agach\u00e9. Mi chofer arranc\u00f3 a toda velocidad hacia mi casa, eso fue b\u00e1sicamente lo que pas\u00f3&#8221;, coment\u00f3 al anunciar que seguir\u00e1 como candidata.<\/p>\n<\/blockquote>\n\n\n\n<iframe loading=\"lazy\" width=\"560\" height=\"315\" src=\"https:\/\/www.youtube.com\/embed\/2zs6Ql6OrtM?si=At3pMF4jbt1jecsx\" title=\"YouTube video player\" frameborder=\"0\" allow=\"accelerometer; autoplay; clipboard-write; encrypted-media; gyroscope; picture-in-picture; web-share\" referrerpolicy=\"strict-origin-when-cross-origin\" allowfullscreen><\/iframe>\n\n\n\n<p>&#8220;Fue en Peralvillo, Cuauht\u00e9moc, el papel me lo dan en la asamblea, como en todas las asambleas me dan notas, me piden ayuda, me piden gestiones, me piden resolver lo que no haya resuelto el gobierno de Cuauht\u00e9moc, y me lo entrega una se\u00f1ora, ya est\u00e1 la descripci\u00f3n en la fiscal\u00eda y al se\u00f1or con moto, supongo que era un hombre, estoy casi segura&#8221;, detall\u00f3<\/p>\n\n\n\n<p>La abanderada del bloque opositor agreg\u00f3 que, previo al ataque, su padre recibi\u00f3 una llamada en la cual mencionaron que les iba a pasar algo a sus hijas. Adem\u00e1s, se\u00f1al\u00f3 que ha recibido amenazas a trav\u00e9s de las redes sociales.<\/p>\n\n\n\n<blockquote class=\"wp-block-quote is-layout-flow wp-block-quote-is-layout-flow\">\n<p>&#8220;Ya tambi\u00e9n denunci\u00e9 los hechos, estuvimos hasta las cinco de la ma\u00f1ana en la fiscal\u00eda, aportando las pruebas que ten\u00edamos, los tel\u00e9fonos y lo ocurrido, de ah\u00ed afuera pues todo lo que hemos vivido en las calles todos los d\u00edas, en una elecci\u00f3n en donde tenemos 40 quejas acumuladas y denuncias ante la fiscal\u00eda, y no se pone a trabajar&#8221;, se\u00f1al\u00f3.<\/p>\n<\/blockquote>\n\n\n\n<p>Por lo anterior, Rojo de la Vega hizo un llamado a las autoridades capitalinas a dar con el paradero de sus atacantes.<br><\/p>\n\n\n\n<p>Fuente: <a href=\"https:\/\/www.milenio.com\/policia\/alessandra-rojo-vega-asegura-raja-atentado\">Milenio<\/a><\/p>\n","protected":false},"excerpt":{"rendered":"<p>Alessandra Rojo de la Vega, candidata de oposici\u00f3n para la alcald\u00eda Cuauht\u00e9moc, asegur\u00f3 que &#8220;no se raja&#8221; tras haber sufrido un atentado a manos de hombres armados en la capital del pa\u00eds. Despu\u00e9s de que la camioneta en la que se encontraba recibi\u00f3 seis disparos de arma de fuego, la candidata del PAN, PRI y [&hellip;]<\/p>\n","protected":false},"author":6,"featured_media":148877,"comment_status":"open","ping_status":"open","sticky":false,"template":"","format":"standard","meta":{"_monsterinsights_skip_tracking":false,"_monsterinsights_sitenote_active":false,"_monsterinsights_sitenote_note":"","_monsterinsights_sitenote_category":0,"footnotes":""},"categories":[158],"tags":[21499,162],"class_list":["post-148876","post","type-post","status-publish","format-standard","has-post-thumbnail","hentry","category-politica","tag-eleccion-2024","tag-portada","wp-image-borders"],"amp_enabled":true,"_links":{"self":[{"href":"https:\/\/nvnoticias.mx\/index.php\/wp-json\/wp\/v2\/posts\/148876","targetHints":{"allow":["GET"]}}],"collection":[{"href":"https:\/\/nvnoticias.mx\/index.php\/wp-json\/wp\/v2\/posts"}],"about":[{"href":"https:\/\/nvnoticias.mx\/index.php\/wp-json\/wp\/v2\/types\/post"}],"author":[{"embeddable":true,"href":"https:\/\/nvnoticias.mx\/index.php\/wp-json\/wp\/v2\/users\/6"}],"replies":[{"embeddable":true,"href":"https:\/\/nvnoticias.mx\/index.php\/wp-json\/wp\/v2\/comments?post=148876"}],"version-history":[{"count":1,"href":"https:\/\/nvnoticias.mx\/index.php\/wp-json\/wp\/v2\/posts\/148876\/revisions"}],"predecessor-version":[{"id":148878,"href":"https:\/\/nvnoticias.mx\/index.php\/wp-json\/wp\/v2\/posts\/148876\/revisions\/148878"}],"wp:featuredmedia":[{"embeddable":true,"href":"https:\/\/nvnoticias.mx\/index.php\/wp-json\/wp\/v2\/media\/148877"}],"wp:attachment":[{"href":"https:\/\/nvnoticias.mx\/index.php\/wp-json\/wp\/v2\/media?parent=148876"}],"wp:term":[{"taxonomy":"category","embeddable":true,"href":"https:\/\/nvnoticias.mx\/index.php\/wp-json\/wp\/v2\/categories?post=148876"},{"taxonomy":"post_tag","embeddable":true,"href":"https:\/\/nvnoticias.mx\/index.php\/wp-json\/wp\/v2\/tags?post=148876"}],"curies":[{"name":"wp","href":"https:\/\/api.w.org\/{rel}","templated":true}]}}