{"id":14878,"date":"2021-06-01T10:31:04","date_gmt":"2021-06-01T15:31:04","guid":{"rendered":"https:\/\/nvnoticias.mx\/?p=14878"},"modified":"2021-06-01T10:31:05","modified_gmt":"2021-06-01T15:31:05","slug":"junio-el-mes-del-orgullo-lgbtq","status":"publish","type":"post","link":"https:\/\/nvnoticias.mx\/index.php\/2021\/06\/01\/junio-el-mes-del-orgullo-lgbtq\/","title":{"rendered":"Junio, el mes del orgullo LGBTQ"},"content":{"rendered":"\n<h4 class=\"wp-block-heading\">Hoy, 1 de junio, inicia el mes del orgullo LGBTQ<\/h4>\n\n\n\n<p>El mes del orgullo LGBTQ es celebrado en junio a nivel mundial, iniciado por los famosos disturbios de Stonewall, pero en especial, las dos pioneras del movimiento: Marsha P. Johnson y Sylvia Rivera.<\/p>\n\n\n\n<p>Es el\u00a0<strong>28 de junio<\/strong>\u00a0cuando los grupos salen a las calles a exigir respeto y alzar la voz de un grupo que ha sido discriminado a lo largo de la historia, pues fue durante la d\u00e9cada de\u00a01950\u00a0que comenzaron a surgir las primeras muestras de\u00a0intolerancia\u00a0hacia esta comunidad que luchaba por sus derechos, ya que tanto gays como lesbianas se ten\u00edan que enfrentar a un\u00a0sistema legal hostil,\u00a0como el hecho de que el sexo homosexual estaba penalizado con una multa ligera o\u00a0pasar toda su vida en prisi\u00f3n.<\/p>\n\n\n\n<p>En los estados de Pennsylvania y California los ofensores sexuales pod\u00edan ser encerrados en\u00a0instituciones mentales\u00a0de por vida y en siete estados pod\u00edan ser\u00a0castrados.<\/p>\n\n\n\n<p>No fue hasta que sucedieron los disturbios en barrio neoyorquino de Greenwich Village, espec\u00edficamente en\u00a0<strong>Stonewall,\u00a0<\/strong>un lugar que adem\u00e1s de ser un bar, funcionaba como un espacio de\u00a0resistencia pol\u00edtica\u00a0en el que la madrugada del 28 de junio de 1969 estall\u00f3 una revuelta de aproximadamente 150 personas de la comunidad LGBT, la situaci\u00f3n se torn\u00f3 violenta debido a la redada policial,\u00a0hubo golpes y arrestos arbitrarios.<\/p>\n\n\n\n<p><\/p>\n","protected":false},"excerpt":{"rendered":"<p>Hoy, 1 de junio, inicia el mes del orgullo LGBTQ El mes del orgullo LGBTQ es celebrado en junio a nivel mundial, iniciado por los famosos disturbios de Stonewall, pero en especial, las dos pioneras del movimiento: Marsha P. Johnson y Sylvia Rivera. Es el\u00a028 de junio\u00a0cuando los grupos salen a las calles a exigir [&hellip;]<\/p>\n","protected":false},"author":35,"featured_media":14882,"comment_status":"open","ping_status":"open","sticky":false,"template":"","format":"standard","meta":{"_monsterinsights_skip_tracking":false,"_monsterinsights_sitenote_active":false,"_monsterinsights_sitenote_note":"","_monsterinsights_sitenote_category":0,"footnotes":""},"categories":[576],"tags":[4046,4113],"class_list":["post-14878","post","type-post","status-publish","format-standard","has-post-thumbnail","hentry","category-ocio","tag-lgbtq","tag-mes-del-orgullo-lgbtq","wp-image-borders"],"amp_enabled":true,"_links":{"self":[{"href":"https:\/\/nvnoticias.mx\/index.php\/wp-json\/wp\/v2\/posts\/14878","targetHints":{"allow":["GET"]}}],"collection":[{"href":"https:\/\/nvnoticias.mx\/index.php\/wp-json\/wp\/v2\/posts"}],"about":[{"href":"https:\/\/nvnoticias.mx\/index.php\/wp-json\/wp\/v2\/types\/post"}],"author":[{"embeddable":true,"href":"https:\/\/nvnoticias.mx\/index.php\/wp-json\/wp\/v2\/users\/35"}],"replies":[{"embeddable":true,"href":"https:\/\/nvnoticias.mx\/index.php\/wp-json\/wp\/v2\/comments?post=14878"}],"version-history":[{"count":2,"href":"https:\/\/nvnoticias.mx\/index.php\/wp-json\/wp\/v2\/posts\/14878\/revisions"}],"predecessor-version":[{"id":14884,"href":"https:\/\/nvnoticias.mx\/index.php\/wp-json\/wp\/v2\/posts\/14878\/revisions\/14884"}],"wp:featuredmedia":[{"embeddable":true,"href":"https:\/\/nvnoticias.mx\/index.php\/wp-json\/wp\/v2\/media\/14882"}],"wp:attachment":[{"href":"https:\/\/nvnoticias.mx\/index.php\/wp-json\/wp\/v2\/media?parent=14878"}],"wp:term":[{"taxonomy":"category","embeddable":true,"href":"https:\/\/nvnoticias.mx\/index.php\/wp-json\/wp\/v2\/categories?post=14878"},{"taxonomy":"post_tag","embeddable":true,"href":"https:\/\/nvnoticias.mx\/index.php\/wp-json\/wp\/v2\/tags?post=14878"}],"curies":[{"name":"wp","href":"https:\/\/api.w.org\/{rel}","templated":true}]}}