{"id":148707,"date":"2024-05-10T11:46:03","date_gmt":"2024-05-10T17:46:03","guid":{"rendered":"https:\/\/nvnoticias.mx\/?p=148707"},"modified":"2024-05-10T11:46:05","modified_gmt":"2024-05-10T17:46:05","slug":"felicita-sheinbaum-a-todas-las-mamas-del-pais-en-el-dia-de-las-madres","status":"publish","type":"post","link":"https:\/\/nvnoticias.mx\/index.php\/2024\/05\/10\/felicita-sheinbaum-a-todas-las-mamas-del-pais-en-el-dia-de-las-madres\/","title":{"rendered":"Felicita Sheinbaum a todas las mam\u00e1s del pa\u00eds en el D\u00eda de las Madres"},"content":{"rendered":"\n<p>La candidata presidencial por la coalici\u00f3n Sigamos Haciendo Historia, Claudia Sheinbaum, felicit\u00f3 a todas las mam\u00e1s del pa\u00eds en el D\u00eda de las Madres.<\/p>\n\n\n\n<p>Sheinbaum Pardo felicit\u00f3 en su cuenta de X, antes Twitter, a todas las madres de M\u00e9xico este 10 de mayo y de manera muy especial a su madre Annie Pardo, \u201cque ha sido mi ejemplo siempre\u201d, dijo.<\/p>\n\n\n\n<p>La exmandataria capitalina seguir\u00e1 con sus actividades de campa\u00f1a en Baja California, Sonora y Sinaloa, donde tiene previsto algunos eventos p\u00fablicos para dar a conocer su Proyecto de Naci\u00f3n.<\/p>\n\n\n\n<p>Fuente: <a href=\"https:\/\/www.eluniversal.com.mx\/elecciones\/sheinbaum-felicita-a-todas-las-mamas-del-pais-en-el-dia-de-las-madres\/\" data-type=\"link\" data-id=\"https:\/\/www.eluniversal.com.mx\/elecciones\/sheinbaum-felicita-a-todas-las-mamas-del-pais-en-el-dia-de-las-madres\/\">El Universal<\/a><br><\/p>\n","protected":false},"excerpt":{"rendered":"<p>La candidata presidencial por la coalici\u00f3n Sigamos Haciendo Historia, Claudia Sheinbaum, felicit\u00f3 a todas las mam\u00e1s del pa\u00eds en el D\u00eda de las Madres. Sheinbaum Pardo felicit\u00f3 en su cuenta de X, antes Twitter, a todas las madres de M\u00e9xico este 10 de mayo y de manera muy especial a su madre Annie Pardo, \u201cque [&hellip;]<\/p>\n","protected":false},"author":35,"featured_media":127871,"comment_status":"open","ping_status":"open","sticky":false,"template":"","format":"standard","meta":{"_monsterinsights_skip_tracking":false,"_monsterinsights_sitenote_active":false,"_monsterinsights_sitenote_note":"","_monsterinsights_sitenote_category":0,"footnotes":""},"categories":[158],"tags":[2801,3477],"class_list":["post-148707","post","type-post","status-publish","format-standard","has-post-thumbnail","hentry","category-politica","tag-claudia-sheinbaum","tag-dia-de-las-madres","wp-image-borders"],"amp_enabled":true,"_links":{"self":[{"href":"https:\/\/nvnoticias.mx\/index.php\/wp-json\/wp\/v2\/posts\/148707","targetHints":{"allow":["GET"]}}],"collection":[{"href":"https:\/\/nvnoticias.mx\/index.php\/wp-json\/wp\/v2\/posts"}],"about":[{"href":"https:\/\/nvnoticias.mx\/index.php\/wp-json\/wp\/v2\/types\/post"}],"author":[{"embeddable":true,"href":"https:\/\/nvnoticias.mx\/index.php\/wp-json\/wp\/v2\/users\/35"}],"replies":[{"embeddable":true,"href":"https:\/\/nvnoticias.mx\/index.php\/wp-json\/wp\/v2\/comments?post=148707"}],"version-history":[{"count":2,"href":"https:\/\/nvnoticias.mx\/index.php\/wp-json\/wp\/v2\/posts\/148707\/revisions"}],"predecessor-version":[{"id":148709,"href":"https:\/\/nvnoticias.mx\/index.php\/wp-json\/wp\/v2\/posts\/148707\/revisions\/148709"}],"wp:featuredmedia":[{"embeddable":true,"href":"https:\/\/nvnoticias.mx\/index.php\/wp-json\/wp\/v2\/media\/127871"}],"wp:attachment":[{"href":"https:\/\/nvnoticias.mx\/index.php\/wp-json\/wp\/v2\/media?parent=148707"}],"wp:term":[{"taxonomy":"category","embeddable":true,"href":"https:\/\/nvnoticias.mx\/index.php\/wp-json\/wp\/v2\/categories?post=148707"},{"taxonomy":"post_tag","embeddable":true,"href":"https:\/\/nvnoticias.mx\/index.php\/wp-json\/wp\/v2\/tags?post=148707"}],"curies":[{"name":"wp","href":"https:\/\/api.w.org\/{rel}","templated":true}]}}