{"id":148696,"date":"2024-05-10T10:18:37","date_gmt":"2024-05-10T16:18:37","guid":{"rendered":"https:\/\/nvnoticias.mx\/?p=148696"},"modified":"2024-05-10T10:18:39","modified_gmt":"2024-05-10T16:18:39","slug":"patrulla-fronteriza-de-eu-detiene-en-texas-a-familiar-de-funcionaria-mexicana-de-un-consulado","status":"publish","type":"post","link":"https:\/\/nvnoticias.mx\/index.php\/2024\/05\/10\/patrulla-fronteriza-de-eu-detiene-en-texas-a-familiar-de-funcionaria-mexicana-de-un-consulado\/","title":{"rendered":"Patrulla Fronteriza de EU detiene en Texas a familiar de funcionaria mexicana de un consulado"},"content":{"rendered":"\n<p>El Consulado de M\u00e9xico en Presidio, Texas, inform\u00f3 que el familiar de una funcionaria t\u00e9cnica-administrativa mexicana, asignada a un Consulado de Carrera de nuestro pa\u00eds en Estados Unidos, fue detenido por la Patrulla Fronteriza en Marfa, Texas.<\/p>\n\n\n\n<p>La Secretar\u00eda de Relaciones Exteriores (SRE) indic\u00f3 que ante el hecho, dar\u00e1 seguimiento del caso \u201cy tomar\u00e1 todas las medidas y acciones correspondientes, al tiempo que proveer\u00e1 la asistencia consular como a cualquier connacional\u201d.<\/p>\n\n\n\n<blockquote class=\"wp-block-quote is-layout-flow wp-block-quote-is-layout-flow\">\n<p>\u201cM\u00e9xico refrenda su compromiso y completa cooperaci\u00f3n con el Gobierno de Estados Unidos para la investigaci\u00f3n correspondiente\u201d, indic\u00f3.<\/p>\n<\/blockquote>\n\n\n\n<p>Fuente: <a href=\"https:\/\/www.eluniversal.com.mx\/nacion\/patrulla-fronteriza-de-eu-detiene-en-texas-a-familiar-de-funcionaria-mexicana-de-un-consulado\/\" data-type=\"link\" data-id=\"https:\/\/www.eluniversal.com.mx\/nacion\/patrulla-fronteriza-de-eu-detiene-en-texas-a-familiar-de-funcionaria-mexicana-de-un-consulado\/\">El Universal<\/a><br><\/p>\n","protected":false},"excerpt":{"rendered":"<p>El Consulado de M\u00e9xico en Presidio, Texas, inform\u00f3 que el familiar de una funcionaria t\u00e9cnica-administrativa mexicana, asignada a un Consulado de Carrera de nuestro pa\u00eds en Estados Unidos, fue detenido por la Patrulla Fronteriza en Marfa, Texas. La Secretar\u00eda de Relaciones Exteriores (SRE) indic\u00f3 que ante el hecho, dar\u00e1 seguimiento del caso \u201cy tomar\u00e1 todas [&hellip;]<\/p>\n","protected":false},"author":35,"featured_media":48494,"comment_status":"open","ping_status":"open","sticky":false,"template":"","format":"standard","meta":{"_monsterinsights_skip_tracking":false,"_monsterinsights_sitenote_active":false,"_monsterinsights_sitenote_note":"","_monsterinsights_sitenote_category":0,"footnotes":""},"categories":[157],"tags":[183,20695],"class_list":["post-148696","post","type-post","status-publish","format-standard","has-post-thumbnail","hentry","category-nacional","tag-estados-unidos","tag-patrulla-fronteriza","wp-image-borders"],"amp_enabled":true,"_links":{"self":[{"href":"https:\/\/nvnoticias.mx\/index.php\/wp-json\/wp\/v2\/posts\/148696","targetHints":{"allow":["GET"]}}],"collection":[{"href":"https:\/\/nvnoticias.mx\/index.php\/wp-json\/wp\/v2\/posts"}],"about":[{"href":"https:\/\/nvnoticias.mx\/index.php\/wp-json\/wp\/v2\/types\/post"}],"author":[{"embeddable":true,"href":"https:\/\/nvnoticias.mx\/index.php\/wp-json\/wp\/v2\/users\/35"}],"replies":[{"embeddable":true,"href":"https:\/\/nvnoticias.mx\/index.php\/wp-json\/wp\/v2\/comments?post=148696"}],"version-history":[{"count":2,"href":"https:\/\/nvnoticias.mx\/index.php\/wp-json\/wp\/v2\/posts\/148696\/revisions"}],"predecessor-version":[{"id":148698,"href":"https:\/\/nvnoticias.mx\/index.php\/wp-json\/wp\/v2\/posts\/148696\/revisions\/148698"}],"wp:featuredmedia":[{"embeddable":true,"href":"https:\/\/nvnoticias.mx\/index.php\/wp-json\/wp\/v2\/media\/48494"}],"wp:attachment":[{"href":"https:\/\/nvnoticias.mx\/index.php\/wp-json\/wp\/v2\/media?parent=148696"}],"wp:term":[{"taxonomy":"category","embeddable":true,"href":"https:\/\/nvnoticias.mx\/index.php\/wp-json\/wp\/v2\/categories?post=148696"},{"taxonomy":"post_tag","embeddable":true,"href":"https:\/\/nvnoticias.mx\/index.php\/wp-json\/wp\/v2\/tags?post=148696"}],"curies":[{"name":"wp","href":"https:\/\/api.w.org\/{rel}","templated":true}]}}