{"id":148687,"date":"2024-05-10T09:52:58","date_gmt":"2024-05-10T15:52:58","guid":{"rendered":"https:\/\/nvnoticias.mx\/?p=148687"},"modified":"2024-05-10T09:53:00","modified_gmt":"2024-05-10T15:53:00","slug":"se-mantiene-la-fase-1-de-la-contingencia-ambiental-en-el-valle-de-mexico","status":"publish","type":"post","link":"https:\/\/nvnoticias.mx\/index.php\/2024\/05\/10\/se-mantiene-la-fase-1-de-la-contingencia-ambiental-en-el-valle-de-mexico\/","title":{"rendered":"Se mantiene la Fase 1 de la contingencia ambiental en el Valle de M\u00e9xico"},"content":{"rendered":"\n<p>La Comisi\u00f3n Ambiental de la Megal\u00f3polis inform\u00f3 mediante un comunicado que se mantiene la Fase I de contingencia ambiental atmosf\u00e9rica por ozono en la Zona Metropolitana del Valle de M\u00e9xico, como consecuencia de las concentraciones m\u00e1ximas de ozono, por lo que este 10 de mayo habr\u00e1 restricciones vehiculares.<\/p>\n\n\n\n<p>La Came detall\u00f3 que esto ocurri\u00f3 a que el d\u00eda de hoy, se registraron concentraciones m\u00e1ximas de ozono de 168, 165 y 160 ppb en las estaciones de monitoreo de Pedregal, Centro de Ciencias de la Atm\u00f3sfera y Benito Ju\u00e1rez respectivamente y hasta las 18:00 horas, se mantuvieron condiciones adversas para la dispersi\u00f3n de contaminantes en el Valle de M\u00e9xico, registrando valores de ozono dentro del rango de Muy Mala calidad del aire.<\/p>\n\n\n\n<blockquote class=\"wp-block-quote is-layout-flow wp-block-quote-is-layout-flow\">\n<p>\u201cSe mantuvieron condiciones adversas para la dispersi\u00f3n de contaminantes en el Valle de M\u00e9xico, registrando valores de ozono dentro del rango de muy mala calidad del aire\u201d.<\/p>\n<\/blockquote>\n\n\n\n<p>Para ma\u00f1ana, se prev\u00e9 la persistencia del sistema de alta presi\u00f3n en el centro del pa\u00eds, lo que originar\u00e1 cielo despejado, alta radiaci\u00f3n solar, estabilidad atmosf\u00e9rica y viento d\u00e9bil, lo que favorecer\u00e1 la formaci\u00f3n del ozono.<\/p>\n\n\n\n<p>Debido a estas condiciones, el pron\u00f3stico para ma\u00f1ana indica que la calidad del aire ser\u00e1 muy mala.<\/p>\n\n\n\n<p>Fuente: El <a href=\"https:\/\/www.eluniversal.com.mx\/metropoli\/se-mantiene-la-fase-1-de-la-contingencia-ambiental-en-el-valle-de-mexico-2\/\" data-type=\"link\" data-id=\"https:\/\/www.eluniversal.com.mx\/metropoli\/se-mantiene-la-fase-1-de-la-contingencia-ambiental-en-el-valle-de-mexico-2\/\">Universal<\/a><br><\/p>\n\n\n\n<p><\/p>\n","protected":false},"excerpt":{"rendered":"<p>La Comisi\u00f3n Ambiental de la Megal\u00f3polis inform\u00f3 mediante un comunicado que se mantiene la Fase I de contingencia ambiental atmosf\u00e9rica por ozono en la Zona Metropolitana del Valle de M\u00e9xico, como consecuencia de las concentraciones m\u00e1ximas de ozono, por lo que este 10 de mayo habr\u00e1 restricciones vehiculares. La Came detall\u00f3 que esto ocurri\u00f3 a [&hellip;]<\/p>\n","protected":false},"author":35,"featured_media":140589,"comment_status":"open","ping_status":"open","sticky":false,"template":"","format":"standard","meta":{"_monsterinsights_skip_tracking":false,"_monsterinsights_sitenote_active":false,"_monsterinsights_sitenote_note":"","_monsterinsights_sitenote_category":0,"footnotes":""},"categories":[157],"tags":[8307,12609,15856,177],"class_list":["post-148687","post","type-post","status-publish","format-standard","has-post-thumbnail","hentry","category-nacional","tag-contingencia-ambiental","tag-fase-1","tag-se-mantiene","tag-valle-de-mexico","wp-image-borders"],"amp_enabled":true,"_links":{"self":[{"href":"https:\/\/nvnoticias.mx\/index.php\/wp-json\/wp\/v2\/posts\/148687","targetHints":{"allow":["GET"]}}],"collection":[{"href":"https:\/\/nvnoticias.mx\/index.php\/wp-json\/wp\/v2\/posts"}],"about":[{"href":"https:\/\/nvnoticias.mx\/index.php\/wp-json\/wp\/v2\/types\/post"}],"author":[{"embeddable":true,"href":"https:\/\/nvnoticias.mx\/index.php\/wp-json\/wp\/v2\/users\/35"}],"replies":[{"embeddable":true,"href":"https:\/\/nvnoticias.mx\/index.php\/wp-json\/wp\/v2\/comments?post=148687"}],"version-history":[{"count":1,"href":"https:\/\/nvnoticias.mx\/index.php\/wp-json\/wp\/v2\/posts\/148687\/revisions"}],"predecessor-version":[{"id":148688,"href":"https:\/\/nvnoticias.mx\/index.php\/wp-json\/wp\/v2\/posts\/148687\/revisions\/148688"}],"wp:featuredmedia":[{"embeddable":true,"href":"https:\/\/nvnoticias.mx\/index.php\/wp-json\/wp\/v2\/media\/140589"}],"wp:attachment":[{"href":"https:\/\/nvnoticias.mx\/index.php\/wp-json\/wp\/v2\/media?parent=148687"}],"wp:term":[{"taxonomy":"category","embeddable":true,"href":"https:\/\/nvnoticias.mx\/index.php\/wp-json\/wp\/v2\/categories?post=148687"},{"taxonomy":"post_tag","embeddable":true,"href":"https:\/\/nvnoticias.mx\/index.php\/wp-json\/wp\/v2\/tags?post=148687"}],"curies":[{"name":"wp","href":"https:\/\/api.w.org\/{rel}","templated":true}]}}