{"id":14865,"date":"2021-06-01T09:55:43","date_gmt":"2021-06-01T14:55:43","guid":{"rendered":"https:\/\/nvnoticias.mx\/?p=14865"},"modified":"2021-06-01T09:55:44","modified_gmt":"2021-06-01T14:55:44","slug":"cuarta-parte-poblacion-ya-esta-vacunada-contra-covid","status":"publish","type":"post","link":"https:\/\/nvnoticias.mx\/index.php\/2021\/06\/01\/cuarta-parte-poblacion-ya-esta-vacunada-contra-covid\/","title":{"rendered":"Una cuarta parte de la poblaci\u00f3n ya est\u00e1 vacunada contra Covid: Gatell"},"content":{"rendered":"\n<p>El Subsecretario de Salud,\u00a0Hugo L\u00f3pez-Gatell,\u00a0inform\u00f3 que en M\u00e9xico se han aplicado\u00a030 millones 990 mil 908 vacunas contra el COVID-19\u00a0desde el inicio de la jornada en diciembre del 2020.<\/p>\n\n\n\n<p>Detall\u00f3 que\u00a022 millones 43 mil 213 personas\u00a0han recibido, al menos,\u00a0la primera dosis,\u00a0lo que representa el\u00a025% de la poblaci\u00f3n adulta.\u00a0Entre \u00e9sta,\u00a012 millones 604 mil 789\u00a0personas\u00a0(57%)\u00a0ya cumplen con\u00a0el esquema completo,\u00a0mientras que\u00a09 millones 438 mil 424\u00a0(43%)\u00a0tienen solamente medio esquema.<\/p>\n\n\n\n<blockquote class=\"wp-block-quote is-layout-flow wp-block-quote-is-layout-flow\"><p>\u201cUna de cuatro personas adultas en M\u00e9xico ha sido vacunada contra el COVID-19. En su mayor\u00eda son esquemas completos, ya no hace falta ninguna dosis adicional. Ya sea porque recibieron las dos dosis de cuatro de las cinco vacunas, o bien, la \u00fanica dosis necesaria en el caso de la vacuna CanSino\u201d, aclar\u00f3.<\/p><\/blockquote>\n\n\n\n<p>Este lunes la Secretar\u00eda de Salud registr\u00f3\u00a0511 mil 334 vacunas aplicadas.\u00a0El funcionario record\u00f3 que en fechas anteriores hubo tres d\u00edas consecutivos en las que se administraron m\u00e1s de 700 mil dosis, por ello, espera que en esta semana se aumente la capacidad\u00a0superando las\u00a0850 mil\u00a0y llegando hasta\u00a0el mill\u00f3n de personas inoculadas para el cierre de semana.<\/p>\n\n\n\n<p>Fuente: Infobae<\/p>\n","protected":false},"excerpt":{"rendered":"<p>El Subsecretario de Salud,\u00a0Hugo L\u00f3pez-Gatell,\u00a0inform\u00f3 que en M\u00e9xico se han aplicado\u00a030 millones 990 mil 908 vacunas contra el COVID-19\u00a0desde el inicio de la jornada en diciembre del 2020. Detall\u00f3 que\u00a022 millones 43 mil 213 personas\u00a0han recibido, al menos,\u00a0la primera dosis,\u00a0lo que representa el\u00a025% de la poblaci\u00f3n adulta.\u00a0Entre \u00e9sta,\u00a012 millones 604 mil 789\u00a0personas\u00a0(57%)\u00a0ya cumplen con\u00a0el esquema [&hellip;]<\/p>\n","protected":false},"author":6,"featured_media":646,"comment_status":"open","ping_status":"open","sticky":false,"template":"","format":"standard","meta":{"_monsterinsights_skip_tracking":false,"_monsterinsights_sitenote_active":false,"_monsterinsights_sitenote_note":"","_monsterinsights_sitenote_category":0,"footnotes":""},"categories":[157],"tags":[175,1010,1477,162,217],"class_list":["post-14865","post","type-post","status-publish","format-standard","has-post-thumbnail","hentry","category-nacional","tag-covid-19","tag-hugo-lopez-gatell","tag-poblacion","tag-portada","tag-vacuna","wp-image-borders"],"amp_enabled":true,"_links":{"self":[{"href":"https:\/\/nvnoticias.mx\/index.php\/wp-json\/wp\/v2\/posts\/14865","targetHints":{"allow":["GET"]}}],"collection":[{"href":"https:\/\/nvnoticias.mx\/index.php\/wp-json\/wp\/v2\/posts"}],"about":[{"href":"https:\/\/nvnoticias.mx\/index.php\/wp-json\/wp\/v2\/types\/post"}],"author":[{"embeddable":true,"href":"https:\/\/nvnoticias.mx\/index.php\/wp-json\/wp\/v2\/users\/6"}],"replies":[{"embeddable":true,"href":"https:\/\/nvnoticias.mx\/index.php\/wp-json\/wp\/v2\/comments?post=14865"}],"version-history":[{"count":1,"href":"https:\/\/nvnoticias.mx\/index.php\/wp-json\/wp\/v2\/posts\/14865\/revisions"}],"predecessor-version":[{"id":14866,"href":"https:\/\/nvnoticias.mx\/index.php\/wp-json\/wp\/v2\/posts\/14865\/revisions\/14866"}],"wp:featuredmedia":[{"embeddable":true,"href":"https:\/\/nvnoticias.mx\/index.php\/wp-json\/wp\/v2\/media\/646"}],"wp:attachment":[{"href":"https:\/\/nvnoticias.mx\/index.php\/wp-json\/wp\/v2\/media?parent=14865"}],"wp:term":[{"taxonomy":"category","embeddable":true,"href":"https:\/\/nvnoticias.mx\/index.php\/wp-json\/wp\/v2\/categories?post=14865"},{"taxonomy":"post_tag","embeddable":true,"href":"https:\/\/nvnoticias.mx\/index.php\/wp-json\/wp\/v2\/tags?post=14865"}],"curies":[{"name":"wp","href":"https:\/\/api.w.org\/{rel}","templated":true}]}}