{"id":148614,"date":"2024-05-09T12:04:19","date_gmt":"2024-05-09T18:04:19","guid":{"rendered":"https:\/\/nvnoticias.mx\/?p=148614"},"modified":"2024-05-09T12:04:21","modified_gmt":"2024-05-09T18:04:21","slug":"agregara-taylor-swift-canciones-de-su-nuevo-album-al-setlist-de-the-eras-tour","status":"publish","type":"post","link":"https:\/\/nvnoticias.mx\/index.php\/2024\/05\/09\/agregara-taylor-swift-canciones-de-su-nuevo-album-al-setlist-de-the-eras-tour\/","title":{"rendered":"Agregar\u00e1 Taylor Swift canciones de su nuevo \u00e1lbum al setlist de \u2018The Eras Tour\u2019"},"content":{"rendered":"\n<p>Taylor Swift se prepara para retomar su gira mundial \u2018The Eras Tour\u2019, esta vez como parte de sus presentaciones en Europa, iniciando en Par\u00eds, donde compartir\u00e1 con sus fan\u00e1ticos un show que incluye la mayor parte de sus etapas musicales, adem\u00e1s de que podr\u00eda sorprender al agregar canciones nueva de su \u00faltimo lanzamiento discogr\u00e1fico.<\/p>\n\n\n\n<p>La cantante estadounidense se ha convertido en una de las artistas m\u00e1s populares durante los \u00faltimos meses, tomando en cuenta el \u00e9xito que han tenido sus regrabaciones, su gira mundial y su \u00faltimo disco \u2018The Tortured Poets Department\u2019, mismo con el que logr\u00f3 romper r\u00e9cords de reproducciones y ventas a nivel mundial.<\/p>\n\n\n\n<p>Como parte de su gira, la int\u00e9rprete de \u201cBlank Space\u201d integra las canciones m\u00e1s populares de la mayor\u00eda de sus discos, adem\u00e1s de contar con una secci\u00f3n de canciones sorpresa que son parte de su discogr\u00e1fica; es por ello que Swift podr\u00eda sorprender a sus fan\u00e1ticos con una nueva secci\u00f3n dentro del show de m\u00e1s de 3 horas.<\/p>\n\n\n\n<p>The Tortured Poets Department\u2019 cuenta con 31 canciones, de las cuales podr\u00edan integrarse entre 4 y 5 temas al setlist de la gira \u2018The Eras Tour\u2019; no obstante, tambi\u00e9n podr\u00edan formar parte de la secci\u00f3n de canciones sorpresas, en donde Taylor Swift suele estar sola en el escenario para interpretarlas con alg\u00fan instrumento musical.<\/p>\n\n\n\n<p>Desde redes sociales algunas cuentas especializadas en contenido de la artista de 34 a\u00f1os comentaron sobre las negociaciones que ha tenido el equipo de Swift para una segunda vuelta de la gira \u2018The Eras Tour\u2019 por varios puntos de Latinoam\u00e9rica.<\/p>\n","protected":false},"excerpt":{"rendered":"<p>Taylor Swift se prepara para retomar su gira mundial \u2018The Eras Tour\u2019, esta vez como parte de sus presentaciones en Europa, iniciando en Par\u00eds, donde compartir\u00e1 con sus fan\u00e1ticos un show que incluye la mayor parte de sus etapas musicales, adem\u00e1s de que podr\u00eda sorprender al agregar canciones nueva de su \u00faltimo lanzamiento discogr\u00e1fico. La [&hellip;]<\/p>\n","protected":false},"author":35,"featured_media":99533,"comment_status":"open","ping_status":"open","sticky":false,"template":"","format":"standard","meta":{"_monsterinsights_skip_tracking":false,"_monsterinsights_sitenote_active":false,"_monsterinsights_sitenote_note":"","_monsterinsights_sitenote_category":0,"footnotes":""},"categories":[576],"tags":[4135,20707,29261],"class_list":["post-148614","post","type-post","status-publish","format-standard","has-post-thumbnail","hentry","category-ocio","tag-taylor-swift","tag-the-eras-tour","tag-the-tortured-poets-department","wp-image-borders"],"amp_enabled":true,"_links":{"self":[{"href":"https:\/\/nvnoticias.mx\/index.php\/wp-json\/wp\/v2\/posts\/148614","targetHints":{"allow":["GET"]}}],"collection":[{"href":"https:\/\/nvnoticias.mx\/index.php\/wp-json\/wp\/v2\/posts"}],"about":[{"href":"https:\/\/nvnoticias.mx\/index.php\/wp-json\/wp\/v2\/types\/post"}],"author":[{"embeddable":true,"href":"https:\/\/nvnoticias.mx\/index.php\/wp-json\/wp\/v2\/users\/35"}],"replies":[{"embeddable":true,"href":"https:\/\/nvnoticias.mx\/index.php\/wp-json\/wp\/v2\/comments?post=148614"}],"version-history":[{"count":1,"href":"https:\/\/nvnoticias.mx\/index.php\/wp-json\/wp\/v2\/posts\/148614\/revisions"}],"predecessor-version":[{"id":148615,"href":"https:\/\/nvnoticias.mx\/index.php\/wp-json\/wp\/v2\/posts\/148614\/revisions\/148615"}],"wp:featuredmedia":[{"embeddable":true,"href":"https:\/\/nvnoticias.mx\/index.php\/wp-json\/wp\/v2\/media\/99533"}],"wp:attachment":[{"href":"https:\/\/nvnoticias.mx\/index.php\/wp-json\/wp\/v2\/media?parent=148614"}],"wp:term":[{"taxonomy":"category","embeddable":true,"href":"https:\/\/nvnoticias.mx\/index.php\/wp-json\/wp\/v2\/categories?post=148614"},{"taxonomy":"post_tag","embeddable":true,"href":"https:\/\/nvnoticias.mx\/index.php\/wp-json\/wp\/v2\/tags?post=148614"}],"curies":[{"name":"wp","href":"https:\/\/api.w.org\/{rel}","templated":true}]}}