{"id":148584,"date":"2024-05-09T09:57:15","date_gmt":"2024-05-09T15:57:15","guid":{"rendered":"https:\/\/nvnoticias.mx\/?p=148584"},"modified":"2024-05-09T09:57:17","modified_gmt":"2024-05-09T15:57:17","slug":"ebrard-es-digno-representante-del-movimiento-de-transformacion-de-mexico-eduardo-ramirez-aguilar","status":"publish","type":"post","link":"https:\/\/nvnoticias.mx\/index.php\/2024\/05\/09\/ebrard-es-digno-representante-del-movimiento-de-transformacion-de-mexico-eduardo-ramirez-aguilar\/","title":{"rendered":"Ebrard es digno representante del movimiento de transformaci\u00f3n de M\u00e9xico: Eduardo Ram\u00edrez Aguilar"},"content":{"rendered":"\n<p>Eduardo Ram\u00edrez Aguilar recorri\u00f3 este mi\u00e9rcoles tres municipios de Chiapas acompa\u00f1ado del coordinador de V\u00ednculo con Organizaciones Civiles y Mexicanos en el Exterior de la campa\u00f1a de Claudia Sheinbaum, Marcelo Ebrard Casaub\u00f3n.<\/p>\n\n\n\n<p>Ante el excanciller y exaspirante a la candidatura presidencial, el candidato de la coalici\u00f3n Sigamos Haciendo Historia en Chiapas a la gubernatura del estado hizo un llamado a la civilidad y al respeto entre todos porque &#8220;Chiapas nos requiere en unidad para triunfar, progresar y transformar a Suchiapa y al pueblo de Chiapas&#8221;, enfatiz\u00f3.<\/p>\n\n\n\n<p>Al lado de Ebrard, el morenista recorri\u00f3 este mi\u00e9rcoles El Parral, Suchiapa y Chiapa de Corzo. En este \u00faltimo, asegur\u00f3 que impulsar\u00e1 un significativo proyecto de reforestaci\u00f3n de 150 mil hect\u00e1reas en 30 municipios para recuperar &#8220;nuestro clima y generar el agua bendita que no ha llovido en Chiapas&#8221;.<\/p>\n\n\n\n<p>En ese pueblo m\u00e1gico impulsar\u00e1 el turismo con la modernizaci\u00f3n de la zona tur\u00edstica: el malec\u00f3n, los restaurantes, y la rehabilitaci\u00f3n de otro acceso a Chiapa de Corzo.<\/p>\n\n\n\n<p>En El Parral, Eduardo Ram\u00edrez llam\u00f3 a la unidad y la paz, y afirm\u00f3 que Ebrard es &#8220;un digno representante de la conciliaci\u00f3n y del movimiento de transformaci\u00f3n de M\u00e9xico&#8221;.<\/p>\n\n\n\n<blockquote class=\"wp-block-quote is-layout-flow wp-block-quote-is-layout-flow\">\n<p>\u201cMarcelo Ebrard representa un ejemplo de unidad, un ejemplo de humildad y de que lo m\u00e1s importante es M\u00e9xico por encima de todo, por eso se lo reconocemos desde Chiapas, licenciado Marcelo, M\u00e9xico est\u00e1 por encima de todo\u201d, le manifest\u00f3.<\/p>\n<\/blockquote>\n\n\n\n<p>En ese encuentro, el exsecretario de Relaciones Exteriores ponder\u00f3 la carrera pol\u00edtica de Ram\u00edrez Aguilar.&#8221;Tengo la absoluta seguridad de que Eduardo, por sus hechos, por la forma que actu\u00f3 (en el Senado), por la valent\u00eda que ha demostrado, porque sabe afrontar tambi\u00e9n adversidades&#8221;.<\/p>\n\n\n\n<p>Esto, porque Ram\u00edrez &#8220;no es fruto de un padrino, sino de una carrera, un esfuerzo y de una integridad; estoy absolutamente seguro que va a ser el m\u00e1s grande gobernador de Chiapas que haya tenido&#8221;.<\/p>\n\n\n\n<p>El exaspirante a la candidatura presidencial de Morena asegur\u00f3 que Chiapas ser\u00e1 el estado que m\u00e1s votos aportar\u00e1 el pr\u00f3ximo 2 de junio a favor de la coalici\u00f3n \u201cSigamos Haciendo Historia\u201d.<\/p>\n\n\n\n<p>Fuente: <a href=\"https:\/\/www.eluniversal.com.mx\/elecciones\/ebrard-es-digno-representante-del-movimiento-de-transformacion-de-mexico-eduardo-ramirez-aguilar\/\" data-type=\"link\" data-id=\"https:\/\/www.eluniversal.com.mx\/elecciones\/ebrard-es-digno-representante-del-movimiento-de-transformacion-de-mexico-eduardo-ramirez-aguilar\/\">El Universal<\/a><\/p>\n\n\n\n<p><br><\/p>\n","protected":false},"excerpt":{"rendered":"<p>Eduardo Ram\u00edrez Aguilar recorri\u00f3 este mi\u00e9rcoles tres municipios de Chiapas acompa\u00f1ado del coordinador de V\u00ednculo con Organizaciones Civiles y Mexicanos en el Exterior de la campa\u00f1a de Claudia Sheinbaum, Marcelo Ebrard Casaub\u00f3n. Ante el excanciller y exaspirante a la candidatura presidencial, el candidato de la coalici\u00f3n Sigamos Haciendo Historia en Chiapas a la gubernatura del [&hellip;]<\/p>\n","protected":false},"author":35,"featured_media":148585,"comment_status":"open","ping_status":"open","sticky":false,"template":"","format":"standard","meta":{"_monsterinsights_skip_tracking":false,"_monsterinsights_sitenote_active":false,"_monsterinsights_sitenote_note":"","_monsterinsights_sitenote_category":0,"footnotes":""},"categories":[158],"tags":[391],"class_list":["post-148584","post","type-post","status-publish","format-standard","has-post-thumbnail","hentry","category-politica","tag-marcelo-ebrard","wp-image-borders"],"amp_enabled":true,"_links":{"self":[{"href":"https:\/\/nvnoticias.mx\/index.php\/wp-json\/wp\/v2\/posts\/148584","targetHints":{"allow":["GET"]}}],"collection":[{"href":"https:\/\/nvnoticias.mx\/index.php\/wp-json\/wp\/v2\/posts"}],"about":[{"href":"https:\/\/nvnoticias.mx\/index.php\/wp-json\/wp\/v2\/types\/post"}],"author":[{"embeddable":true,"href":"https:\/\/nvnoticias.mx\/index.php\/wp-json\/wp\/v2\/users\/35"}],"replies":[{"embeddable":true,"href":"https:\/\/nvnoticias.mx\/index.php\/wp-json\/wp\/v2\/comments?post=148584"}],"version-history":[{"count":1,"href":"https:\/\/nvnoticias.mx\/index.php\/wp-json\/wp\/v2\/posts\/148584\/revisions"}],"predecessor-version":[{"id":148586,"href":"https:\/\/nvnoticias.mx\/index.php\/wp-json\/wp\/v2\/posts\/148584\/revisions\/148586"}],"wp:featuredmedia":[{"embeddable":true,"href":"https:\/\/nvnoticias.mx\/index.php\/wp-json\/wp\/v2\/media\/148585"}],"wp:attachment":[{"href":"https:\/\/nvnoticias.mx\/index.php\/wp-json\/wp\/v2\/media?parent=148584"}],"wp:term":[{"taxonomy":"category","embeddable":true,"href":"https:\/\/nvnoticias.mx\/index.php\/wp-json\/wp\/v2\/categories?post=148584"},{"taxonomy":"post_tag","embeddable":true,"href":"https:\/\/nvnoticias.mx\/index.php\/wp-json\/wp\/v2\/tags?post=148584"}],"curies":[{"name":"wp","href":"https:\/\/api.w.org\/{rel}","templated":true}]}}