{"id":148579,"date":"2024-05-09T09:48:16","date_gmt":"2024-05-09T15:48:16","guid":{"rendered":"https:\/\/nvnoticias.mx\/?p=148579"},"modified":"2024-05-09T09:48:17","modified_gmt":"2024-05-09T15:48:17","slug":"esta-dispuesto-alito-moreno-a-renunciar-a-candidatura-para-diputado-si-alvarez-maynez-declina-por-xochitl-galvez","status":"publish","type":"post","link":"https:\/\/nvnoticias.mx\/index.php\/2024\/05\/09\/esta-dispuesto-alito-moreno-a-renunciar-a-candidatura-para-diputado-si-alvarez-maynez-declina-por-xochitl-galvez\/","title":{"rendered":"Est\u00e1 dispuesto \u201cAlito\u201d Moreno a renunciar a candidatura para diputado si \u00c1lvarez M\u00e1ynez declina por X\u00f3chitl G\u00e1lvez"},"content":{"rendered":"\n<p>Alejandro &#8220;Alito&#8221; Moreno, dirigente nacional del PRI, declar\u00f3 que si Movimiento Ciudadano y su candidato presidencial, Jorge \u00c1lvarez M\u00e1ynez, quieren verdaderamente a M\u00e9xico, debe de declinar por la candidata presidencial X\u00f3chitl G\u00e1lvez, adem\u00e1s que har\u00edan un servicio a la patria.<\/p>\n\n\n\n<p>En entrevista con Carlos Loret de Mola en Latinus, Alejandro Moreno se\u00f1al\u00f3 que primero est\u00e1 M\u00e9xico: &#8220;Esto no es una borrachera, esto es una realidad, porque la gente tiene que reflexionar, Carlos, esto es M\u00e9xico&#8221;.<\/p>\n\n\n\n<p>Cuestionado por Loret de Mola sobre si pueden dialogar con M\u00e1ynez cuando no han parado de insultarse, &#8220;Alito&#8221; mencion\u00f3 que M\u00e9xico est\u00e1 por encima de todo: &#8220;Yo siempre he dicho que a los que no les guste dialogar, aunque tengamos diferencias, que se dediquen a otra cosa&#8221;.<\/p>\n\n\n\n<p>Sobre el reto que le lanz\u00f3 \u00c1lvarez M\u00e1ynez de bajarse de su candidatura plurinominal para diputados si es que declina por X\u00f3chitl G\u00e1lvez, el dirigente nacional priista dijo que s\u00ed lo har\u00edan &#8220;por M\u00e9xico&#8221;.<\/p>\n\n\n\n<blockquote class=\"wp-block-quote is-layout-flow wp-block-quote-is-layout-flow\">\n<p>&#8220;Claro que lo har\u00eda y que no tendr\u00eda ning\u00fan inconveniente (\u2026) Incluso vamos a dialogar, vamos a proponer y trabajar, para hacer una propuesta conjunta, yo creo que M\u00e9xico merece que todos pongamos de nuestra parte&#8221;, dijo Moreno C\u00e1rdenas.<\/p>\n<\/blockquote>\n\n\n\n<p>El priista recalc\u00f3 que es claro que el candidato presidencial de Movimiento Ciudadano no tiene posibilidad de ganar la Presidencia, porque la \u00fanica que tiene oportunidad es X\u00f3chitl G\u00e1lvez.<\/p>\n\n\n\n<p>Fuente: <a href=\"https:\/\/www.eluniversal.com.mx\/elecciones\/alito-moreno-dispuesto-a-renunciar-a-candidatura-para-diputado-si-alvarez-maynez-declina-por-xochitl-galvez\/\" data-type=\"link\" data-id=\"https:\/\/www.eluniversal.com.mx\/elecciones\/alito-moreno-dispuesto-a-renunciar-a-candidatura-para-diputado-si-alvarez-maynez-declina-por-xochitl-galvez\/\">El Universal<\/a><br><\/p>\n","protected":false},"excerpt":{"rendered":"<p>Alejandro &#8220;Alito&#8221; Moreno, dirigente nacional del PRI, declar\u00f3 que si Movimiento Ciudadano y su candidato presidencial, Jorge \u00c1lvarez M\u00e1ynez, quieren verdaderamente a M\u00e9xico, debe de declinar por la candidata presidencial X\u00f3chitl G\u00e1lvez, adem\u00e1s que har\u00edan un servicio a la patria. En entrevista con Carlos Loret de Mola en Latinus, Alejandro Moreno se\u00f1al\u00f3 que primero est\u00e1 [&hellip;]<\/p>\n","protected":false},"author":35,"featured_media":57136,"comment_status":"open","ping_status":"open","sticky":false,"template":"","format":"standard","meta":{"_monsterinsights_skip_tracking":false,"_monsterinsights_sitenote_active":false,"_monsterinsights_sitenote_note":"","_monsterinsights_sitenote_category":0,"footnotes":""},"categories":[158],"tags":[16779,28969],"class_list":["post-148579","post","type-post","status-publish","format-standard","has-post-thumbnail","hentry","category-politica","tag-alito-moreno","tag-jorge-alvarez-maynez","wp-image-borders"],"amp_enabled":true,"_links":{"self":[{"href":"https:\/\/nvnoticias.mx\/index.php\/wp-json\/wp\/v2\/posts\/148579","targetHints":{"allow":["GET"]}}],"collection":[{"href":"https:\/\/nvnoticias.mx\/index.php\/wp-json\/wp\/v2\/posts"}],"about":[{"href":"https:\/\/nvnoticias.mx\/index.php\/wp-json\/wp\/v2\/types\/post"}],"author":[{"embeddable":true,"href":"https:\/\/nvnoticias.mx\/index.php\/wp-json\/wp\/v2\/users\/35"}],"replies":[{"embeddable":true,"href":"https:\/\/nvnoticias.mx\/index.php\/wp-json\/wp\/v2\/comments?post=148579"}],"version-history":[{"count":2,"href":"https:\/\/nvnoticias.mx\/index.php\/wp-json\/wp\/v2\/posts\/148579\/revisions"}],"predecessor-version":[{"id":148581,"href":"https:\/\/nvnoticias.mx\/index.php\/wp-json\/wp\/v2\/posts\/148579\/revisions\/148581"}],"wp:featuredmedia":[{"embeddable":true,"href":"https:\/\/nvnoticias.mx\/index.php\/wp-json\/wp\/v2\/media\/57136"}],"wp:attachment":[{"href":"https:\/\/nvnoticias.mx\/index.php\/wp-json\/wp\/v2\/media?parent=148579"}],"wp:term":[{"taxonomy":"category","embeddable":true,"href":"https:\/\/nvnoticias.mx\/index.php\/wp-json\/wp\/v2\/categories?post=148579"},{"taxonomy":"post_tag","embeddable":true,"href":"https:\/\/nvnoticias.mx\/index.php\/wp-json\/wp\/v2\/tags?post=148579"}],"curies":[{"name":"wp","href":"https:\/\/api.w.org\/{rel}","templated":true}]}}