{"id":148538,"date":"2024-05-08T12:41:16","date_gmt":"2024-05-08T18:41:16","guid":{"rendered":"https:\/\/nvnoticias.mx\/?p=148538"},"modified":"2024-05-08T12:41:18","modified_gmt":"2024-05-08T18:41:18","slug":"claudia-sheinbaum-pardo-presenta-su-vision-para-el-desarrollo-de-veracruz-y-el-sureste-del-pais","status":"publish","type":"post","link":"https:\/\/nvnoticias.mx\/index.php\/2024\/05\/08\/claudia-sheinbaum-pardo-presenta-su-vision-para-el-desarrollo-de-veracruz-y-el-sureste-del-pais\/","title":{"rendered":"Claudia Sheinbaum Pardo presenta su visi\u00f3n para el desarrollo de Veracruz y el Sureste del pa\u00eds"},"content":{"rendered":"\n<p><\/p>\n\n\n\n<p><strong>Jes\u00fas Utrilla \/ NV Noticias <\/strong><\/p>\n\n\n\n<p>En el marco de su visita a la regi\u00f3n, Claudia Sheinbaum Pardo, candidata de Morena a la Presidencia de la Rep\u00fablica, deline\u00f3 su compromiso con el desarrollo integral de Veracruz y el Sureste de M\u00e9xico, destacando la importancia de consolidar los Puertos de Veracruz y Coatzacoalcos, as\u00ed como dar continuidad al ambicioso proyecto del Corredor Interoce\u00e1nico del Istmo de Tehuantepec.<\/p>\n\n\n\n<p>Enfatiz\u00f3 la necesidad de fortalecer la conectividad del pa\u00eds, mencionando la creaci\u00f3n de cuatro polos de desarrollo en Veracruz y seis en Oaxaca. <\/p>\n\n\n\n<p>Esta iniciativa busca impulsar una Rep\u00fablica conectada, mediante el fortalecimiento de infraestructuras clave como el tren de carga, aeropuertos, puertos y carreteras, entre otros.<\/p>\n\n\n\n<p>Adem\u00e1s, anunci\u00f3 la creaci\u00f3n de otros diez polos del bienestar en todo el pa\u00eds, incluyendo a Veracruz y Tuxpan, con el objetivo de potenciar la industrializaci\u00f3n, el nearshoring y aprovechar el vasto potencial de desarrollo que posee M\u00e9xico. <\/p>\n\n\n\n<p>En este sentido, se comprometi\u00f3 a reactivar la petroqu\u00edmica en Pemex como parte integral de este proyecto.<\/p>\n\n\n\n<blockquote class=\"wp-block-quote is-layout-flow wp-block-quote-is-layout-flow\">\n<p><em>&#8220;Tenemos que consolidar las obras del sureste. El Tren Maya debe combinar el transporte de pasajeros con el de carga. Cuando visitamos Chiapas, hablamos de los doce polos de desarrollo, dos de ellos ubicados en Chiapas y diez en el Corredor Interoce\u00e1nico del Istmo de Tehuantepec&#8221;, <\/em>declar\u00f3 Sheinbaum<em>.<\/em><\/p>\n<\/blockquote>\n\n\n\n<p>La candidata tambi\u00e9n anunci\u00f3 su colaboraci\u00f3n con Roc\u00edo Nahle Garc\u00eda, candidata a la gubernatura de Veracruz, para concretar proyectos de infraestructura clave, como el acceso a la zona portuaria de Veracruz, la construcci\u00f3n de un distribuidor vial con visi\u00f3n a largo plazo y el puente de Boca del R\u00edo a Alvarado, con el fin de hacer frente a los desaf\u00edos derivados del crecimiento urbano.<\/p>\n\n\n\n<p>Sheinbaum hizo hincapi\u00e9 en la importancia de impulsar el sector agr\u00edcola de Veracruz, aprovechando sus riquezas naturales y ventajas competitivas. <\/p>\n\n\n\n<p>Finalmente, la candidata asegur\u00f3 que su proyecto cuenta con una visi\u00f3n inclusiva, buscando la participaci\u00f3n activa de empresarios de todo el pa\u00eds. <\/p>\n","protected":false},"excerpt":{"rendered":"<p>Jes\u00fas Utrilla \/ NV Noticias En el marco de su visita a la regi\u00f3n, Claudia Sheinbaum Pardo, candidata de Morena a la Presidencia de la Rep\u00fablica, deline\u00f3 su compromiso con el desarrollo integral de Veracruz y el Sureste de M\u00e9xico, destacando la importancia de consolidar los Puertos de Veracruz y Coatzacoalcos, as\u00ed como dar continuidad [&hellip;]<\/p>\n","protected":false},"author":8,"featured_media":148539,"comment_status":"open","ping_status":"open","sticky":false,"template":"","format":"standard","meta":{"_monsterinsights_skip_tracking":false,"_monsterinsights_sitenote_active":false,"_monsterinsights_sitenote_note":"","_monsterinsights_sitenote_category":0,"footnotes":""},"categories":[154],"tags":[2801,4740,180],"class_list":["post-148538","post","type-post","status-publish","format-standard","has-post-thumbnail","hentry","category-veracruz","tag-claudia-sheinbaum","tag-desarrollo","tag-veracruz","wp-image-borders"],"amp_enabled":true,"_links":{"self":[{"href":"https:\/\/nvnoticias.mx\/index.php\/wp-json\/wp\/v2\/posts\/148538","targetHints":{"allow":["GET"]}}],"collection":[{"href":"https:\/\/nvnoticias.mx\/index.php\/wp-json\/wp\/v2\/posts"}],"about":[{"href":"https:\/\/nvnoticias.mx\/index.php\/wp-json\/wp\/v2\/types\/post"}],"author":[{"embeddable":true,"href":"https:\/\/nvnoticias.mx\/index.php\/wp-json\/wp\/v2\/users\/8"}],"replies":[{"embeddable":true,"href":"https:\/\/nvnoticias.mx\/index.php\/wp-json\/wp\/v2\/comments?post=148538"}],"version-history":[{"count":1,"href":"https:\/\/nvnoticias.mx\/index.php\/wp-json\/wp\/v2\/posts\/148538\/revisions"}],"predecessor-version":[{"id":148540,"href":"https:\/\/nvnoticias.mx\/index.php\/wp-json\/wp\/v2\/posts\/148538\/revisions\/148540"}],"wp:featuredmedia":[{"embeddable":true,"href":"https:\/\/nvnoticias.mx\/index.php\/wp-json\/wp\/v2\/media\/148539"}],"wp:attachment":[{"href":"https:\/\/nvnoticias.mx\/index.php\/wp-json\/wp\/v2\/media?parent=148538"}],"wp:term":[{"taxonomy":"category","embeddable":true,"href":"https:\/\/nvnoticias.mx\/index.php\/wp-json\/wp\/v2\/categories?post=148538"},{"taxonomy":"post_tag","embeddable":true,"href":"https:\/\/nvnoticias.mx\/index.php\/wp-json\/wp\/v2\/tags?post=148538"}],"curies":[{"name":"wp","href":"https:\/\/api.w.org\/{rel}","templated":true}]}}