{"id":148535,"date":"2024-05-08T12:37:19","date_gmt":"2024-05-08T18:37:19","guid":{"rendered":"https:\/\/nvnoticias.mx\/?p=148535"},"modified":"2024-05-08T12:37:21","modified_gmt":"2024-05-08T18:37:21","slug":"rocio-nahle-resolvera-congestionamiento-del-puente-de-boca-del-rio","status":"publish","type":"post","link":"https:\/\/nvnoticias.mx\/index.php\/2024\/05\/08\/rocio-nahle-resolvera-congestionamiento-del-puente-de-boca-del-rio\/","title":{"rendered":"Roc\u00edo Nahle resolver\u00e1 congestionamiento del puente de Boca del R\u00edo"},"content":{"rendered":"\n<p><\/p>\n\n\n\n<p><strong>Jes\u00fas Utrilla \/ NV Noticias<\/strong><\/p>\n\n\n\n<p>Las candidatas de la coalici\u00f3n &#8220;Sigamos Haciendo Historia&#8221; para la Presidencia de la Rep\u00fablica y la gubernatura de Veracruz, Claudia Sheinbaum Pardo y Roc\u00edo Nahle Garc\u00eda respectivamente, anunciaron su compromiso conjunto para impulsar el desarrollo integral del estado de Veracruz.<\/p>\n\n\n\n<p>En una rueda de prensa celebrada en un hotel de Boca del R\u00edo, ambas candidatas destacaron la importancia de concretar proyectos de infraestructura clave para la regi\u00f3n, entre los que destacan el acceso a la zona portuaria de Veracruz, la construcci\u00f3n de un distribuidor vial con visi\u00f3n a largo plazo y el puente que conectar\u00e1 Boca del R\u00edo con Alvarado, con el objetivo de mitigar la saturaci\u00f3n derivada del crecimiento urbano.<\/p>\n\n\n\n<p>Roc\u00edo Nahle Garc\u00eda, quien busca la gubernatura de Veracruz, subray\u00f3 la necesidad de recuperar los edificios hist\u00f3ricos en el centro de Veracruz como parte del proyecto de revitalizaci\u00f3n urbana. <\/p>\n\n\n\n<p>Adem\u00e1s, se comprometi\u00f3 a fomentar la llegada de inversiones al Corredor Interoce\u00e1nico del Istmo de Tehuantepec, aprovechando los recursos naturales disponibles en la regi\u00f3n.<\/p>\n\n\n\n<p>En cuanto al sector agr\u00edcola, Nahle Garc\u00eda expres\u00f3 su intenci\u00f3n de repotenciar la productividad del campo veracruzano, aprovechando al m\u00e1ximo el potencial de cultivos como ma\u00edz, ca\u00f1a, caf\u00e9, vainilla y pi\u00f1a.<\/p>\n\n\n\n<blockquote class=\"wp-block-quote is-layout-flow wp-block-quote-is-layout-flow\">\n<p><em>&#8220;Veracruz ocupa el s\u00e9ptimo lugar en producci\u00f3n de ma\u00edz, pero tenemos la capacidad de mejorar y alcanzar el primer lugar&#8221;, <\/em>afirm\u00f3<em>.<\/em><\/p>\n<\/blockquote>\n\n\n\n<p>En el \u00e1mbito industrial, Nahle Garc\u00eda destac\u00f3 que de los diez parques industriales ya licitados, cuatro est\u00e1n ubicados en Veracruz, lo que representa una oportunidad para generar empleo regional y fortalecer la econom\u00eda local. <\/p>\n\n\n\n<p>Adem\u00e1s, mencion\u00f3 que el Puerto de Tuxpan es otro punto clave en el desarrollo industrial de la regi\u00f3n.<\/p>\n\n\n\n<p>Ambas candidatas coincidieron en la importancia de elevar el nivel pol\u00edtico en Veracruz, alej\u00e1ndose de las pr\u00e1cticas de desprestigio y lodo que han caracterizado algunas campa\u00f1as electorales<\/p>\n","protected":false},"excerpt":{"rendered":"<p>Jes\u00fas Utrilla \/ NV Noticias Las candidatas de la coalici\u00f3n &#8220;Sigamos Haciendo Historia&#8221; para la Presidencia de la Rep\u00fablica y la gubernatura de Veracruz, Claudia Sheinbaum Pardo y Roc\u00edo Nahle Garc\u00eda respectivamente, anunciaron su compromiso conjunto para impulsar el desarrollo integral del estado de Veracruz. En una rueda de prensa celebrada en un hotel de [&hellip;]<\/p>\n","protected":false},"author":8,"featured_media":148536,"comment_status":"open","ping_status":"open","sticky":false,"template":"","format":"standard","meta":{"_monsterinsights_skip_tracking":false,"_monsterinsights_sitenote_active":false,"_monsterinsights_sitenote_note":"","_monsterinsights_sitenote_category":0,"footnotes":""},"categories":[154],"tags":[29991,29372,1594],"class_list":["post-148535","post","type-post","status-publish","format-standard","has-post-thumbnail","hentry","category-veracruz","tag-congestionamiento","tag-puente-boca-del-rio","tag-rocio-nahle","wp-image-borders"],"amp_enabled":true,"_links":{"self":[{"href":"https:\/\/nvnoticias.mx\/index.php\/wp-json\/wp\/v2\/posts\/148535","targetHints":{"allow":["GET"]}}],"collection":[{"href":"https:\/\/nvnoticias.mx\/index.php\/wp-json\/wp\/v2\/posts"}],"about":[{"href":"https:\/\/nvnoticias.mx\/index.php\/wp-json\/wp\/v2\/types\/post"}],"author":[{"embeddable":true,"href":"https:\/\/nvnoticias.mx\/index.php\/wp-json\/wp\/v2\/users\/8"}],"replies":[{"embeddable":true,"href":"https:\/\/nvnoticias.mx\/index.php\/wp-json\/wp\/v2\/comments?post=148535"}],"version-history":[{"count":1,"href":"https:\/\/nvnoticias.mx\/index.php\/wp-json\/wp\/v2\/posts\/148535\/revisions"}],"predecessor-version":[{"id":148537,"href":"https:\/\/nvnoticias.mx\/index.php\/wp-json\/wp\/v2\/posts\/148535\/revisions\/148537"}],"wp:featuredmedia":[{"embeddable":true,"href":"https:\/\/nvnoticias.mx\/index.php\/wp-json\/wp\/v2\/media\/148536"}],"wp:attachment":[{"href":"https:\/\/nvnoticias.mx\/index.php\/wp-json\/wp\/v2\/media?parent=148535"}],"wp:term":[{"taxonomy":"category","embeddable":true,"href":"https:\/\/nvnoticias.mx\/index.php\/wp-json\/wp\/v2\/categories?post=148535"},{"taxonomy":"post_tag","embeddable":true,"href":"https:\/\/nvnoticias.mx\/index.php\/wp-json\/wp\/v2\/tags?post=148535"}],"curies":[{"name":"wp","href":"https:\/\/api.w.org\/{rel}","templated":true}]}}