{"id":148519,"date":"2024-05-08T11:06:54","date_gmt":"2024-05-08T17:06:54","guid":{"rendered":"https:\/\/nvnoticias.mx\/?p=148519"},"modified":"2024-05-08T11:08:54","modified_gmt":"2024-05-08T17:08:54","slug":"emilio-lozoy-llega-al-reclusorio-norte","status":"publish","type":"post","link":"https:\/\/nvnoticias.mx\/index.php\/2024\/05\/08\/emilio-lozoy-llega-al-reclusorio-norte\/","title":{"rendered":"Emilio Lozoya llega al Reclusorio Norte"},"content":{"rendered":"\n<p><\/p>\n\n\n\n<p>El ex director de Pemex, Emilio Lozoya, lleg\u00f3 al Centro de Justicia Penal Federal del Reclusorio Norte a la audiencia intermedia donde la Fiscal\u00eda General de la Rep\u00fablica (FGR) lo acusar\u00e1 formalmente por el presunto delito de lavado de dinero y solicitar\u00e1 una condena de 15 a\u00f1os de prisi\u00f3n por el caso de la planta de chatarra de Agronitrogenados.<\/p>\n\n\n\n<p>El ex funcionario que viste un traje azul y corbata morada lleg\u00f3 a bordo de un autom\u00f3vil de la marca Mercedes Benz, y pidi\u00f3 permiso a la prensa para poder ingresar al Centro de Justicia acompa\u00f1ado de su equipo legal.<\/p>\n\n\n\n<p>Pese a que se le solicit\u00f3 un comentario, Emilio Lozoya no quiso responder alguna pregunta.<\/p>\n\n\n\n<p>En abril de este a\u00f1o, el Cuarto Tribunal Colegiado en Materia Penal en la Ciudad de M\u00e9xico determin\u00f3 que la audiencia debe realizarse, pero advirti\u00f3 que el juez de control no podr\u00e1 dictar auto de apertura de juicio.<\/p>\n\n\n\n<p>Lo anterior, porque al ex funcionario se le debe dar oportunidad de poder llegar a un acuerdo reparatorio con Pemex.<\/p>\n\n\n\n<p>Hay que mencionar que, el 31 de agosto de 2023, Emilio Lozoya dijo no estar dispuesto a pagar un solo d\u00f3lar solicitado por el gobierno federal para reparar el da\u00f1o supuestamente ocasionado a Pemex, el cual le exig\u00eda 30 millones de d\u00f3lares y despu\u00e9s redujo a 20 millones.<\/p>\n\n\n\n<p>Lozoya pidi\u00f3 en aquella ocasi\u00f3n al juez Gerardo Alarc\u00f3n L\u00f3pez dar inicio la audiencia intermedia, pero el juzgador le pidi\u00f3 que tratara el tema con su equipo de abogados.<\/p>\n\n\n\n<blockquote class=\"wp-block-quote is-layout-flow wp-block-quote-is-layout-flow\">\n<p>\u201cUsted ha velado por que se respeten mis derechos. Se aprecia esta actitud. Como dice mi abogado, ha habido conversaciones, que yo llamar\u00eda extorsiones; primero 3.4 millones y despu\u00e9s al 200 por ciento y lo suben a 30 millones de d\u00f3lares y lo bajan. Hay un acuerdo cuando hay voluntades, respecto a peritajes y cifras ciertas, pero como no lo hay, no hay acuerdo, quieren utilizar el aparato de justicia para atropellar mis derechos\u201d, declar\u00f3 Emilio Lozoya.<\/p>\n<\/blockquote>\n\n\n\n<p><br>El 20 de febrero de este a\u00f1o, despu\u00e9s de dos a\u00f1os tres meses de estar en prisi\u00f3n, el ex director Pemex recuper\u00f3 su libertad provisional y abandon\u00f3 el Reclusorio Norte y se dirigi\u00f3 a uno de sus domicilios en la colonia San Jer\u00f3nimo L\u00eddice, en la alcald\u00eda Magdalena Contreras, Ciudad de M\u00e9xico.<\/p>\n\n\n\n<p>Lozoya tambi\u00e9n enfrenta otro proceso por los presuntos delitos de operaciones con recursos de procedencia il\u00edcita, asociaci\u00f3n delictuosa y cohecho, en el caso de corrupci\u00f3n Odebrecht.<\/p>\n\n\n\n<p>Fuente: <a href=\"https:\/\/www.milenio.com\/policia\/emilio-lozoya-llega-al-reclusorio-sur-fgr-busca-condena-15-anos\" data-type=\"link\" data-id=\"https:\/\/www.milenio.com\/policia\/emilio-lozoya-llega-al-reclusorio-sur-fgr-busca-condena-15-anos\">Milenio<\/a><br><\/p>\n","protected":false},"excerpt":{"rendered":"<p>El ex director de Pemex, Emilio Lozoya, lleg\u00f3 al Centro de Justicia Penal Federal del Reclusorio Norte a la audiencia intermedia donde la Fiscal\u00eda General de la Rep\u00fablica (FGR) lo acusar\u00e1 formalmente por el presunto delito de lavado de dinero y solicitar\u00e1 una condena de 15 a\u00f1os de prisi\u00f3n por el caso de la planta [&hellip;]<\/p>\n","protected":false},"author":35,"featured_media":98078,"comment_status":"open","ping_status":"open","sticky":false,"template":"","format":"standard","meta":{"_monsterinsights_skip_tracking":false,"_monsterinsights_sitenote_active":false,"_monsterinsights_sitenote_note":"","_monsterinsights_sitenote_category":0,"footnotes":""},"categories":[157],"tags":[5106,162],"class_list":["post-148519","post","type-post","status-publish","format-standard","has-post-thumbnail","hentry","category-nacional","tag-emilio-lozoya","tag-portada","wp-image-borders"],"amp_enabled":true,"_links":{"self":[{"href":"https:\/\/nvnoticias.mx\/index.php\/wp-json\/wp\/v2\/posts\/148519","targetHints":{"allow":["GET"]}}],"collection":[{"href":"https:\/\/nvnoticias.mx\/index.php\/wp-json\/wp\/v2\/posts"}],"about":[{"href":"https:\/\/nvnoticias.mx\/index.php\/wp-json\/wp\/v2\/types\/post"}],"author":[{"embeddable":true,"href":"https:\/\/nvnoticias.mx\/index.php\/wp-json\/wp\/v2\/users\/35"}],"replies":[{"embeddable":true,"href":"https:\/\/nvnoticias.mx\/index.php\/wp-json\/wp\/v2\/comments?post=148519"}],"version-history":[{"count":2,"href":"https:\/\/nvnoticias.mx\/index.php\/wp-json\/wp\/v2\/posts\/148519\/revisions"}],"predecessor-version":[{"id":148521,"href":"https:\/\/nvnoticias.mx\/index.php\/wp-json\/wp\/v2\/posts\/148519\/revisions\/148521"}],"wp:featuredmedia":[{"embeddable":true,"href":"https:\/\/nvnoticias.mx\/index.php\/wp-json\/wp\/v2\/media\/98078"}],"wp:attachment":[{"href":"https:\/\/nvnoticias.mx\/index.php\/wp-json\/wp\/v2\/media?parent=148519"}],"wp:term":[{"taxonomy":"category","embeddable":true,"href":"https:\/\/nvnoticias.mx\/index.php\/wp-json\/wp\/v2\/categories?post=148519"},{"taxonomy":"post_tag","embeddable":true,"href":"https:\/\/nvnoticias.mx\/index.php\/wp-json\/wp\/v2\/tags?post=148519"}],"curies":[{"name":"wp","href":"https:\/\/api.w.org\/{rel}","templated":true}]}}