{"id":148513,"date":"2024-05-08T10:05:57","date_gmt":"2024-05-08T16:05:57","guid":{"rendered":"https:\/\/nvnoticias.mx\/?p=148513"},"modified":"2024-05-08T10:05:59","modified_gmt":"2024-05-08T16:05:59","slug":"ya-estan-aqui-los-apagones-del-bienestar-marko-cortes-y-fernandez-norona-le-responde","status":"publish","type":"post","link":"https:\/\/nvnoticias.mx\/index.php\/2024\/05\/08\/ya-estan-aqui-los-apagones-del-bienestar-marko-cortes-y-fernandez-norona-le-responde\/","title":{"rendered":"Ya est\u00e1n aqu\u00ed los apagones del Bienestar: Marko Cort\u00e9s y Fern\u00e1ndez Noro\u00f1a le responde"},"content":{"rendered":"\n<p>&#8220;Como en Cuba, Nicaragua y Venezuela ya est\u00e1n en M\u00e9xico los apagones del Bienestar&#8221;, asever\u00f3 el dirigente nacional del PAN, Marko Cort\u00e9s, tras registrarse una emergencia en el sistema el\u00e9ctrico este martes 7 de mayo.<\/p>\n\n\n\n<blockquote class=\"wp-block-quote is-layout-flow wp-block-quote-is-layout-flow\">\n<p>\u201cLos apagones del bienestar ya est\u00e1n aqu\u00ed. No permitamos que M\u00e9xico se sume a las &#8216;dictaduras sin luz&#8217;, pa\u00edses sin suficiencia el\u00e9ctrica como Cuba, Nicaragua y Venezuela\u201d, escribi\u00f3.<\/p>\n<\/blockquote>\n\n\n\n<p>En su cuenta de la red social X, refiri\u00f3 la serie de apagones en varios estados del pa\u00eds y dijo que la CFE vive la peor crisis de su historia en manos del ahora morenista Manuel Bartlett.<\/p>\n\n\n\n<p>En su cuenta de la red social X, el dirigente nacional del PAN, Marko Cort\u00e9s, dijo que la CFE vive la peor crisis de su historia en manos del ahora morenista Manuel Bartlett, tras los diversos apagones que se registraron en el pa\u00eds.<\/p>\n\n\n\n<p>Ante estas declaraciones, Gerardo Fern\u00e1ndez Noro\u00f1a, coordinador de vocer\u00edas de la candidata presidencial Claudia Sheinbaum contest\u00f3: \u201cEl \u00fanico apag\u00f3n es el de tu cerebro Marko Cort\u00e9s\u201d.<\/p>\n\n\n\n<p>Noro\u00f1a cuestion\u00f3 \u201cpor cierto, si est\u00e1n tan seguros de ganar, \u00bfpor qu\u00e9 te aseguraste el lugar n\u00famero uno en la lista plurinominal de la c\u00e1mara de Senadores?\u201d.<\/p>\n\n\n\n<p>Fuente:<a href=\"https:\/\/www.eluniversal.com.mx\/nacion\/ya-estan-aqui-los-apagones-del-bienestar-dice-marko-cortes-tras-emergencia-electrica\/\" data-type=\"link\" data-id=\"https:\/\/www.eluniversal.com.mx\/nacion\/ya-estan-aqui-los-apagones-del-bienestar-dice-marko-cortes-tras-emergencia-electrica\/\"> El Universal<\/a><\/p>\n","protected":false},"excerpt":{"rendered":"<p>&#8220;Como en Cuba, Nicaragua y Venezuela ya est\u00e1n en M\u00e9xico los apagones del Bienestar&#8221;, asever\u00f3 el dirigente nacional del PAN, Marko Cort\u00e9s, tras registrarse una emergencia en el sistema el\u00e9ctrico este martes 7 de mayo. \u201cLos apagones del bienestar ya est\u00e1n aqu\u00ed. No permitamos que M\u00e9xico se sume a las &#8216;dictaduras sin luz&#8217;, pa\u00edses sin [&hellip;]<\/p>\n","protected":false},"author":35,"featured_media":6103,"comment_status":"open","ping_status":"open","sticky":false,"template":"","format":"standard","meta":{"_monsterinsights_skip_tracking":false,"_monsterinsights_sitenote_active":false,"_monsterinsights_sitenote_note":"","_monsterinsights_sitenote_category":0,"footnotes":""},"categories":[158],"tags":[5233,597,162],"class_list":["post-148513","post","type-post","status-publish","format-standard","has-post-thumbnail","hentry","category-politica","tag-fernandez-norona","tag-marko-cortes","tag-portada","wp-image-borders"],"amp_enabled":true,"_links":{"self":[{"href":"https:\/\/nvnoticias.mx\/index.php\/wp-json\/wp\/v2\/posts\/148513","targetHints":{"allow":["GET"]}}],"collection":[{"href":"https:\/\/nvnoticias.mx\/index.php\/wp-json\/wp\/v2\/posts"}],"about":[{"href":"https:\/\/nvnoticias.mx\/index.php\/wp-json\/wp\/v2\/types\/post"}],"author":[{"embeddable":true,"href":"https:\/\/nvnoticias.mx\/index.php\/wp-json\/wp\/v2\/users\/35"}],"replies":[{"embeddable":true,"href":"https:\/\/nvnoticias.mx\/index.php\/wp-json\/wp\/v2\/comments?post=148513"}],"version-history":[{"count":3,"href":"https:\/\/nvnoticias.mx\/index.php\/wp-json\/wp\/v2\/posts\/148513\/revisions"}],"predecessor-version":[{"id":148516,"href":"https:\/\/nvnoticias.mx\/index.php\/wp-json\/wp\/v2\/posts\/148513\/revisions\/148516"}],"wp:featuredmedia":[{"embeddable":true,"href":"https:\/\/nvnoticias.mx\/index.php\/wp-json\/wp\/v2\/media\/6103"}],"wp:attachment":[{"href":"https:\/\/nvnoticias.mx\/index.php\/wp-json\/wp\/v2\/media?parent=148513"}],"wp:term":[{"taxonomy":"category","embeddable":true,"href":"https:\/\/nvnoticias.mx\/index.php\/wp-json\/wp\/v2\/categories?post=148513"},{"taxonomy":"post_tag","embeddable":true,"href":"https:\/\/nvnoticias.mx\/index.php\/wp-json\/wp\/v2\/tags?post=148513"}],"curies":[{"name":"wp","href":"https:\/\/api.w.org\/{rel}","templated":true}]}}