{"id":148480,"date":"2024-05-07T15:13:19","date_gmt":"2024-05-07T21:13:19","guid":{"rendered":"https:\/\/nvnoticias.mx\/?p=148480"},"modified":"2024-05-07T15:13:21","modified_gmt":"2024-05-07T21:13:21","slug":"reafirma-biden-su-compromiso-ferreo-con-israel-incluso-cuando-hay-desacuerdos","status":"publish","type":"post","link":"https:\/\/nvnoticias.mx\/index.php\/2024\/05\/07\/reafirma-biden-su-compromiso-ferreo-con-israel-incluso-cuando-hay-desacuerdos\/","title":{"rendered":"Reafirma Biden su compromiso &#8220;f\u00e9rreo&#8221; con Israel incluso &#8220;cuando hay desacuerdos&#8221;"},"content":{"rendered":"\n<p>&#8211; El presidente de Estados Unidos,\u00a0<strong>Joe Biden<\/strong>, reafirm\u00f3 su &#8220;f\u00e9rreo&#8221; compromiso con\u00a0<strong>Israel<\/strong>, incluso cuando &#8220;hay desacuerdos&#8221;, y asegur\u00f3 que en las\u00a0<strong>universidades estadounidenses<\/strong>, sacudidas desde hace semanas por\u00a0<strong>protestas contra la guerra en Gaza<\/strong>, no &#8220;hay lugar para el\u00a0<strong>antisemitismo<\/strong>&#8220;.<\/p>\n\n\n\n<blockquote class=\"wp-block-quote is-layout-flow wp-block-quote-is-layout-flow\">\n<p>&#8220;Mi compromiso con la seguridad del pueblo jud\u00edo, la seguridad de Israel y su derecho a existir como un Estado jud\u00edo independiente es inquebrantable. Incluso cuando no estamos de acuerdo&#8221;, dijo durante un discurso en una ceremonia en el\u00a0<strong>Capitolio\u00a0<\/strong>para recordar a las v\u00edctimas del\u00a0<strong>Holocausto<\/strong>.<\/p>\n<\/blockquote>\n\n\n\n<p>Sus declaraciones se producen en un momento en el que las protestas contra la\u00a0<strong>guerra en Gaza<\/strong>\u00a0se han extendido a m\u00e1s de medio centenar de universidades y despu\u00e9s de una noche de intensos bombardeos israel\u00edes en\u00a0<strong>Rafah<\/strong>, en el sur de\u00a0<strong>la Franja de Gaza<\/strong>, mientras las partes del conflicto retoman las negociaciones en El Cairo para un alto el fuego.<\/p>\n\n\n\n<p>Biden conden\u00f3 el &#8220;feroz repunte del antisemitismo en Estados Unidos&#8221; y advirti\u00f3 que a\u00fan hoy el mundo &#8220;corre el riesgo de no conocer la verdad&#8221; sobre los horrores del Holocausto, cuando seis millones de jud\u00edos fueron sistem\u00e1ticamente asesinados por la Alemania nazi.<\/p>\n\n\n\n<blockquote class=\"wp-block-quote is-layout-flow wp-block-quote-is-layout-flow\">\n<p>&#8220;Este odio sigue arraigado en los corazones de demasiadas personas en el mundo&#8221;, lament\u00f3 el mandatario, al mismo tiempo que consider\u00f3 que el ataque del brazo armado del grupo islamista Ham\u00e1s del 7 de octubre pasado &#8220;dio vida&#8221; a ese odio con el asesinato de 1 mil 200 israel\u00edes.<\/p>\n<\/blockquote>\n\n\n\n<blockquote class=\"wp-block-quote is-layout-flow wp-block-quote-is-layout-flow\">\n<p>&#8220;Esto no ocurri\u00f3 hace 75 a\u00f1os, sino solo hace siete meses y medio, y la gente ya lo est\u00e1 olvidando, se est\u00e1 olvidando de que Hamas desat\u00f3 ese terror, que fue Ham\u00e1s quien agredi\u00f3 a los israel\u00edes y que fue Hamas quien tomo rehenes. Yo no lo he olvidado y ustedes tampoco, y no lo olvidaremos&#8221;, prometi\u00f3 Biden.<\/p>\n<\/blockquote>\n\n\n\n<p>Fuente: <a href=\"https:\/\/www.eluniversal.com.mx\/mundo\/biden-refirma-su-compromiso-ferreo-con-israel-incluso-cuando-hay-desacuerdos\/\" data-type=\"link\" data-id=\"https:\/\/www.eluniversal.com.mx\/mundo\/biden-refirma-su-compromiso-ferreo-con-israel-incluso-cuando-hay-desacuerdos\/\">El Universal<\/a> <\/p>\n","protected":false},"excerpt":{"rendered":"<p>&#8211; El presidente de Estados Unidos,\u00a0Joe Biden, reafirm\u00f3 su &#8220;f\u00e9rreo&#8221; compromiso con\u00a0Israel, incluso cuando &#8220;hay desacuerdos&#8221;, y asegur\u00f3 que en las\u00a0universidades estadounidenses, sacudidas desde hace semanas por\u00a0protestas contra la guerra en Gaza, no &#8220;hay lugar para el\u00a0antisemitismo&#8220;. &#8220;Mi compromiso con la seguridad del pueblo jud\u00edo, la seguridad de Israel y su derecho a existir como [&hellip;]<\/p>\n","protected":false},"author":35,"featured_media":20901,"comment_status":"open","ping_status":"open","sticky":false,"template":"","format":"standard","meta":{"_monsterinsights_skip_tracking":false,"_monsterinsights_sitenote_active":false,"_monsterinsights_sitenote_note":"","_monsterinsights_sitenote_category":0,"footnotes":""},"categories":[181],"tags":[3337,182],"class_list":["post-148480","post","type-post","status-publish","format-standard","has-post-thumbnail","hentry","category-internacional","tag-israel","tag-joe-biden","wp-image-borders"],"amp_enabled":true,"_links":{"self":[{"href":"https:\/\/nvnoticias.mx\/index.php\/wp-json\/wp\/v2\/posts\/148480","targetHints":{"allow":["GET"]}}],"collection":[{"href":"https:\/\/nvnoticias.mx\/index.php\/wp-json\/wp\/v2\/posts"}],"about":[{"href":"https:\/\/nvnoticias.mx\/index.php\/wp-json\/wp\/v2\/types\/post"}],"author":[{"embeddable":true,"href":"https:\/\/nvnoticias.mx\/index.php\/wp-json\/wp\/v2\/users\/35"}],"replies":[{"embeddable":true,"href":"https:\/\/nvnoticias.mx\/index.php\/wp-json\/wp\/v2\/comments?post=148480"}],"version-history":[{"count":4,"href":"https:\/\/nvnoticias.mx\/index.php\/wp-json\/wp\/v2\/posts\/148480\/revisions"}],"predecessor-version":[{"id":148484,"href":"https:\/\/nvnoticias.mx\/index.php\/wp-json\/wp\/v2\/posts\/148480\/revisions\/148484"}],"wp:featuredmedia":[{"embeddable":true,"href":"https:\/\/nvnoticias.mx\/index.php\/wp-json\/wp\/v2\/media\/20901"}],"wp:attachment":[{"href":"https:\/\/nvnoticias.mx\/index.php\/wp-json\/wp\/v2\/media?parent=148480"}],"wp:term":[{"taxonomy":"category","embeddable":true,"href":"https:\/\/nvnoticias.mx\/index.php\/wp-json\/wp\/v2\/categories?post=148480"},{"taxonomy":"post_tag","embeddable":true,"href":"https:\/\/nvnoticias.mx\/index.php\/wp-json\/wp\/v2\/tags?post=148480"}],"curies":[{"name":"wp","href":"https:\/\/api.w.org\/{rel}","templated":true}]}}