{"id":148467,"date":"2024-05-07T13:50:41","date_gmt":"2024-05-07T19:50:41","guid":{"rendered":"https:\/\/nvnoticias.mx\/?p=148467"},"modified":"2024-05-07T13:50:42","modified_gmt":"2024-05-07T19:50:42","slug":"este-miercoles-8-de-mayo-claudia-sheinbaum-visitara-veracruz","status":"publish","type":"post","link":"https:\/\/nvnoticias.mx\/index.php\/2024\/05\/07\/este-miercoles-8-de-mayo-claudia-sheinbaum-visitara-veracruz\/","title":{"rendered":"Este mi\u00e9rcoles 8 de mayo, Claudia Sheinbaum visitar\u00e1 Veracruz"},"content":{"rendered":"\n<p>La candidata de la coalici\u00f3n \u201cSigamos Haciendo Historia\u201d (Morena, PT y PVEM) a la Presidencia de M\u00e9xico, Claudia Sheinbaum Pardo, visitar\u00e1 Veracruz este mi\u00e9rcoles 8 de mayo para continuar sumando conciencias al proyecto de continuidad de la Cuarta Transformaci\u00f3n, que traer\u00e1 bienestar a ese estado y a todo el pa\u00eds.<\/p>\n\n\n\n<p>La gira arrancar\u00e1 a las <em>9:20 horas<\/em> con un encuentro con medios de comunicaci\u00f3n locales y nacionales en el hotel Gran Fiesta Americana de Veracruz, para despu\u00e9s trasladarse a Zongolica, donde tendr\u00e1 un evento masivo a las 13:00 horas en la Avenida Ignacio Zaragoza, del Barrio de Guadalupe.<\/p>\n\n\n\n<p>A las 16:00 horas, Claudia Sheinbaum arribar\u00e1 a la Alameda Francisco Gabilondo Soler, del municipio de Orizaba, para tener su segundo encuentro con el pueblo veracruzano y finalmente, cerrar\u00e1 la jornada en Huatusco, con un encuentro masivo en la explanada Emiliano Zapata, a las 19:00 horas.<\/p>\n\n\n\n<p><\/p>\n","protected":false},"excerpt":{"rendered":"<p>La candidata de la coalici\u00f3n \u201cSigamos Haciendo Historia\u201d (Morena, PT y PVEM) a la Presidencia de M\u00e9xico, Claudia Sheinbaum Pardo, visitar\u00e1 Veracruz este mi\u00e9rcoles 8 de mayo para continuar sumando conciencias al proyecto de continuidad de la Cuarta Transformaci\u00f3n, que traer\u00e1 bienestar a ese estado y a todo el pa\u00eds. La gira arrancar\u00e1 a las [&hellip;]<\/p>\n","protected":false},"author":35,"featured_media":148468,"comment_status":"open","ping_status":"open","sticky":false,"template":"","format":"standard","meta":{"_monsterinsights_skip_tracking":false,"_monsterinsights_sitenote_active":false,"_monsterinsights_sitenote_note":"","_monsterinsights_sitenote_category":0,"footnotes":""},"categories":[154],"tags":[2801,1594],"class_list":["post-148467","post","type-post","status-publish","format-standard","has-post-thumbnail","hentry","category-veracruz","tag-claudia-sheinbaum","tag-rocio-nahle","wp-image-borders"],"amp_enabled":true,"_links":{"self":[{"href":"https:\/\/nvnoticias.mx\/index.php\/wp-json\/wp\/v2\/posts\/148467","targetHints":{"allow":["GET"]}}],"collection":[{"href":"https:\/\/nvnoticias.mx\/index.php\/wp-json\/wp\/v2\/posts"}],"about":[{"href":"https:\/\/nvnoticias.mx\/index.php\/wp-json\/wp\/v2\/types\/post"}],"author":[{"embeddable":true,"href":"https:\/\/nvnoticias.mx\/index.php\/wp-json\/wp\/v2\/users\/35"}],"replies":[{"embeddable":true,"href":"https:\/\/nvnoticias.mx\/index.php\/wp-json\/wp\/v2\/comments?post=148467"}],"version-history":[{"count":1,"href":"https:\/\/nvnoticias.mx\/index.php\/wp-json\/wp\/v2\/posts\/148467\/revisions"}],"predecessor-version":[{"id":148469,"href":"https:\/\/nvnoticias.mx\/index.php\/wp-json\/wp\/v2\/posts\/148467\/revisions\/148469"}],"wp:featuredmedia":[{"embeddable":true,"href":"https:\/\/nvnoticias.mx\/index.php\/wp-json\/wp\/v2\/media\/148468"}],"wp:attachment":[{"href":"https:\/\/nvnoticias.mx\/index.php\/wp-json\/wp\/v2\/media?parent=148467"}],"wp:term":[{"taxonomy":"category","embeddable":true,"href":"https:\/\/nvnoticias.mx\/index.php\/wp-json\/wp\/v2\/categories?post=148467"},{"taxonomy":"post_tag","embeddable":true,"href":"https:\/\/nvnoticias.mx\/index.php\/wp-json\/wp\/v2\/tags?post=148467"}],"curies":[{"name":"wp","href":"https:\/\/api.w.org\/{rel}","templated":true}]}}