{"id":148405,"date":"2024-05-06T20:15:36","date_gmt":"2024-05-07T02:15:36","guid":{"rendered":"https:\/\/nvnoticias.mx\/?p=148405"},"modified":"2024-05-06T20:15:38","modified_gmt":"2024-05-07T02:15:38","slug":"colonias-y-fraccionamientos-de-boca-del-rio-y-veracruz-se-quedaran-sin-agua","status":"publish","type":"post","link":"https:\/\/nvnoticias.mx\/index.php\/2024\/05\/06\/colonias-y-fraccionamientos-de-boca-del-rio-y-veracruz-se-quedaran-sin-agua\/","title":{"rendered":"Colonias y fraccionamientos de Boca del R\u00edo y Veracruz se quedar\u00e1n sin agua"},"content":{"rendered":"\n<p><\/p>\n\n\n\n<p>A trav\u00e9s de un comunicado, el&nbsp;Grupo Metropolitano de Agua y Saneamiento inform\u00f3 que contin\u00faan&nbsp;las afectaciones en el abastecimiento de agua superficial con motivo de la Temporada de estiaje 2024.<\/p>\n\n\n\n<p>En el mismo comunicado, dieron a conocer que&nbsp;el nivel del r\u00edo ha presentado una baja de nivel considerable, lo que afecta a\u00fan m\u00e1s la producci\u00f3n de las Plantas Tejar I y II, por lo que a consecuencia de eso,&nbsp;<strong>se vieron en la necesidad&nbsp;continuar poniendo fuera de operaci\u00f3n la Planta Tejar I, por un periodo de 6 horas diarias, entre las 22:00 y las 04:00 de la madrugada<\/strong><\/p>\n\n\n\n<p>Por lo anterior, se ver\u00e1 afectado el suministro de agua en las siguientes colonias y fraccionamientos:<\/p>\n\n\n<div class=\"wp-block-image\">\n<figure class=\"aligncenter size-full\"><img loading=\"lazy\" decoding=\"async\" width=\"766\" height=\"401\" src=\"https:\/\/nvnoticias.mx\/wp-content\/uploads\/2024\/05\/image-7.png\" alt=\"\" class=\"wp-image-148406\" srcset=\"https:\/\/nvnoticias.mx\/wp-content\/uploads\/2024\/05\/image-7.png 766w, https:\/\/nvnoticias.mx\/wp-content\/uploads\/2024\/05\/image-7-300x157.png 300w\" sizes=\"auto, (max-width: 766px) 100vw, 766px\" \/><\/figure>\n<\/div>\n\n\n<p><\/p>\n\n\n\n<p>De igual forma tambi\u00e9n saldr\u00e1 de operaci\u00f3n la Planta Tejar II, con el mismo horario de Planta 1, entre las 22:00 y las 04:00 horas<\/p>\n\n\n<div class=\"wp-block-image\">\n<figure class=\"aligncenter size-full\"><img loading=\"lazy\" decoding=\"async\" width=\"699\" height=\"231\" src=\"https:\/\/nvnoticias.mx\/wp-content\/uploads\/2024\/05\/image-8.png\" alt=\"\" class=\"wp-image-148407\" srcset=\"https:\/\/nvnoticias.mx\/wp-content\/uploads\/2024\/05\/image-8.png 699w, https:\/\/nvnoticias.mx\/wp-content\/uploads\/2024\/05\/image-8-300x99.png 300w\" sizes=\"auto, (max-width: 699px) 100vw, 699px\" \/><\/figure>\n<\/div>\n\n\n<p><\/p>\n\n\n\n<p>Colonias que se encuentran en zona alta y son abastecidas por el tanque Pocitos y Rivera, continuar\u00e1n teniendo el suministro afectado de las 16:00 y hasta las 08:00 horas del d\u00eda siguiente:<\/p>\n\n\n<div class=\"wp-block-image\">\n<figure class=\"aligncenter size-full is-resized\"><img loading=\"lazy\" decoding=\"async\" width=\"539\" height=\"120\" src=\"https:\/\/nvnoticias.mx\/wp-content\/uploads\/2024\/05\/image-9.png\" alt=\"\" class=\"wp-image-148408\" style=\"width:539px;height:auto\" srcset=\"https:\/\/nvnoticias.mx\/wp-content\/uploads\/2024\/05\/image-9.png 539w, https:\/\/nvnoticias.mx\/wp-content\/uploads\/2024\/05\/image-9-300x67.png 300w\" sizes=\"auto, (max-width: 539px) 100vw, 539px\" \/><\/figure>\n<\/div>\n\n\n<p><\/p>\n\n\n\n<p>Colonias y fraccionamientos que se alimentan del tanque m\u00e9dano del perro, continuar\u00e1n con el suministro afectado de las 16:00 y hasta las 08:00 horas del d\u00eda siguiente:<\/p>\n\n\n\n<figure class=\"wp-block-image size-full\"><img loading=\"lazy\" decoding=\"async\" width=\"601\" height=\"115\" src=\"https:\/\/nvnoticias.mx\/wp-content\/uploads\/2024\/05\/image-10.png\" alt=\"\" class=\"wp-image-148409\" srcset=\"https:\/\/nvnoticias.mx\/wp-content\/uploads\/2024\/05\/image-10.png 601w, https:\/\/nvnoticias.mx\/wp-content\/uploads\/2024\/05\/image-10-300x57.png 300w\" sizes=\"auto, (max-width: 601px) 100vw, 601px\" \/><\/figure>\n","protected":false},"excerpt":{"rendered":"<p>A trav\u00e9s de un comunicado, el&nbsp;Grupo Metropolitano de Agua y Saneamiento inform\u00f3 que contin\u00faan&nbsp;las afectaciones en el abastecimiento de agua superficial con motivo de la Temporada de estiaje 2024. En el mismo comunicado, dieron a conocer que&nbsp;el nivel del r\u00edo ha presentado una baja de nivel considerable, lo que afecta a\u00fan m\u00e1s la producci\u00f3n de [&hellip;]<\/p>\n","protected":false},"author":8,"featured_media":147346,"comment_status":"open","ping_status":"open","sticky":false,"template":"","format":"standard","meta":{"_monsterinsights_skip_tracking":false,"_monsterinsights_sitenote_active":false,"_monsterinsights_sitenote_note":"","_monsterinsights_sitenote_category":0,"footnotes":""},"categories":[154],"tags":[594,423,1167,162,180],"class_list":["post-148405","post","type-post","status-publish","format-standard","has-post-thumbnail","hentry","category-veracruz","tag-agua","tag-boca-del-rio","tag-colonias","tag-portada","tag-veracruz","wp-image-borders"],"amp_enabled":true,"_links":{"self":[{"href":"https:\/\/nvnoticias.mx\/index.php\/wp-json\/wp\/v2\/posts\/148405","targetHints":{"allow":["GET"]}}],"collection":[{"href":"https:\/\/nvnoticias.mx\/index.php\/wp-json\/wp\/v2\/posts"}],"about":[{"href":"https:\/\/nvnoticias.mx\/index.php\/wp-json\/wp\/v2\/types\/post"}],"author":[{"embeddable":true,"href":"https:\/\/nvnoticias.mx\/index.php\/wp-json\/wp\/v2\/users\/8"}],"replies":[{"embeddable":true,"href":"https:\/\/nvnoticias.mx\/index.php\/wp-json\/wp\/v2\/comments?post=148405"}],"version-history":[{"count":1,"href":"https:\/\/nvnoticias.mx\/index.php\/wp-json\/wp\/v2\/posts\/148405\/revisions"}],"predecessor-version":[{"id":148410,"href":"https:\/\/nvnoticias.mx\/index.php\/wp-json\/wp\/v2\/posts\/148405\/revisions\/148410"}],"wp:featuredmedia":[{"embeddable":true,"href":"https:\/\/nvnoticias.mx\/index.php\/wp-json\/wp\/v2\/media\/147346"}],"wp:attachment":[{"href":"https:\/\/nvnoticias.mx\/index.php\/wp-json\/wp\/v2\/media?parent=148405"}],"wp:term":[{"taxonomy":"category","embeddable":true,"href":"https:\/\/nvnoticias.mx\/index.php\/wp-json\/wp\/v2\/categories?post=148405"},{"taxonomy":"post_tag","embeddable":true,"href":"https:\/\/nvnoticias.mx\/index.php\/wp-json\/wp\/v2\/tags?post=148405"}],"curies":[{"name":"wp","href":"https:\/\/api.w.org\/{rel}","templated":true}]}}