{"id":148364,"date":"2024-05-06T14:46:28","date_gmt":"2024-05-06T20:46:28","guid":{"rendered":"https:\/\/nvnoticias.mx\/?p=148364"},"modified":"2024-05-06T14:46:30","modified_gmt":"2024-05-06T20:46:30","slug":"madre-desesperada-pide-que-la-fiscalia-y-el-dif-de-medellin-le-regresen-a-sus-hijos","status":"publish","type":"post","link":"https:\/\/nvnoticias.mx\/index.php\/2024\/05\/06\/madre-desesperada-pide-que-la-fiscalia-y-el-dif-de-medellin-le-regresen-a-sus-hijos\/","title":{"rendered":"Madre desesperada pide que la fiscal\u00eda y el DIF de Medell\u00edn le regresen a sus hijos"},"content":{"rendered":"\n<p><\/p>\n\n\n\n<p><strong>Jes\u00fas Utrilla \/ NV Noticias <\/strong><\/p>\n\n\n\n<p>La se\u00f1ora Guadalupe Avenda\u00f1o acus\u00f3 arbitrariedades por parte del DIF de Medell\u00edn, la fiscal\u00eda y otras autoridades. <\/p>\n\n\n\n<p>Explic\u00f3 que el 11 de abril, fue al Oxxo con su beb\u00e9 se seis meses, dej\u00f3 a su hija de cinco a\u00f1os durmiendo en su casa, al regresar, se percat\u00f3 de que dos vecinos estaban con una patrulla. <\/p>\n\n\n\n<p>Dicha unidad llam\u00f3 al DIF y entraron a su casa. Le pidieron que se subiera la patrulla porque se lo iban a llevar junto con sus hijos por descuido de menores.<\/p>\n\n\n\n<p>Afirm\u00f3 que el m\u00e9dico revis\u00f3 a sus hijos, porque los vecinos aseguraron que los maltrataba, sin embargo, no encontr\u00f3 ninguna huella de violencia. <\/p>\n\n\n\n<p>La llevaron a la Fiscal\u00eda y la procuradora de Medell\u00edn pidi\u00f3 a la fiscal quitarle a sus hijos. Sus hijos estaban en el DIF de Medell\u00edn pero los enviaron a Xalapa. <\/p>\n\n\n\n<p>Por ello pidi\u00f3 que se los regresen ya que no se comprob\u00f3 violencia en su contra.<\/p>\n\n\n\n<p>Insisti\u00f3 en que s\u00f3lo fue al Oxxo a comprar leche para sus hijos y los vecinos aprovecharon para llevar una patrulla. <\/p>\n\n\n\n<p>Acus\u00f3 que el DIF de Medellin no le di\u00f3 ning\u00fan papel explicando por qu\u00e9 le quitaron a sus hijos y tampoco la quieren recibir en la fiscal\u00eda. <\/p>\n\n\n\n<p>La mujer acus\u00f3 que no le quiere otorgar el n\u00famero de expediente, bajo el cual se encuentra el proceso de sus hijos.<\/p>\n","protected":false},"excerpt":{"rendered":"<p>Jes\u00fas Utrilla \/ NV Noticias La se\u00f1ora Guadalupe Avenda\u00f1o acus\u00f3 arbitrariedades por parte del DIF de Medell\u00edn, la fiscal\u00eda y otras autoridades. Explic\u00f3 que el 11 de abril, fue al Oxxo con su beb\u00e9 se seis meses, dej\u00f3 a su hija de cinco a\u00f1os durmiendo en su casa, al regresar, se percat\u00f3 de que dos [&hellip;]<\/p>\n","protected":false},"author":8,"featured_media":148365,"comment_status":"open","ping_status":"open","sticky":false,"template":"","format":"standard","meta":{"_monsterinsights_skip_tracking":false,"_monsterinsights_sitenote_active":false,"_monsterinsights_sitenote_note":"","_monsterinsights_sitenote_category":0,"footnotes":""},"categories":[154],"tags":[832,2217],"class_list":["post-148364","post","type-post","status-publish","format-standard","has-post-thumbnail","hentry","category-veracruz","tag-dif","tag-medellin-de-bravo","wp-image-borders"],"amp_enabled":true,"_links":{"self":[{"href":"https:\/\/nvnoticias.mx\/index.php\/wp-json\/wp\/v2\/posts\/148364","targetHints":{"allow":["GET"]}}],"collection":[{"href":"https:\/\/nvnoticias.mx\/index.php\/wp-json\/wp\/v2\/posts"}],"about":[{"href":"https:\/\/nvnoticias.mx\/index.php\/wp-json\/wp\/v2\/types\/post"}],"author":[{"embeddable":true,"href":"https:\/\/nvnoticias.mx\/index.php\/wp-json\/wp\/v2\/users\/8"}],"replies":[{"embeddable":true,"href":"https:\/\/nvnoticias.mx\/index.php\/wp-json\/wp\/v2\/comments?post=148364"}],"version-history":[{"count":1,"href":"https:\/\/nvnoticias.mx\/index.php\/wp-json\/wp\/v2\/posts\/148364\/revisions"}],"predecessor-version":[{"id":148366,"href":"https:\/\/nvnoticias.mx\/index.php\/wp-json\/wp\/v2\/posts\/148364\/revisions\/148366"}],"wp:featuredmedia":[{"embeddable":true,"href":"https:\/\/nvnoticias.mx\/index.php\/wp-json\/wp\/v2\/media\/148365"}],"wp:attachment":[{"href":"https:\/\/nvnoticias.mx\/index.php\/wp-json\/wp\/v2\/media?parent=148364"}],"wp:term":[{"taxonomy":"category","embeddable":true,"href":"https:\/\/nvnoticias.mx\/index.php\/wp-json\/wp\/v2\/categories?post=148364"},{"taxonomy":"post_tag","embeddable":true,"href":"https:\/\/nvnoticias.mx\/index.php\/wp-json\/wp\/v2\/tags?post=148364"}],"curies":[{"name":"wp","href":"https:\/\/api.w.org\/{rel}","templated":true}]}}