{"id":148343,"date":"2024-05-06T13:48:07","date_gmt":"2024-05-06T19:48:07","guid":{"rendered":"https:\/\/nvnoticias.mx\/?p=148343"},"modified":"2024-05-06T13:48:08","modified_gmt":"2024-05-06T19:48:08","slug":"el-13-de-mayo-se-cumplen-500-anos-desde-la-llegada-de-los-frailes-franciscanos-pioneros-en-la-evangelizacion-de-mexico","status":"publish","type":"post","link":"https:\/\/nvnoticias.mx\/index.php\/2024\/05\/06\/el-13-de-mayo-se-cumplen-500-anos-desde-la-llegada-de-los-frailes-franciscanos-pioneros-en-la-evangelizacion-de-mexico\/","title":{"rendered":"El 13 de mayo se cumplen 500 a\u00f1os desde la llegada de los frailes franciscanos, pioneros en la evangelizaci\u00f3n de M\u00e9xico"},"content":{"rendered":"\n<p><\/p>\n\n\n\n<p><strong>Jes\u00fas Utrilla \/ NV Noticias<\/strong><\/p>\n\n\n\n<p>El pr\u00f3ximo 13 de mayo se cumplen 500 a\u00f1os desde la llegada de los 12 frailes franciscanos, quienes fueron los pioneros en la evangelizaci\u00f3n de M\u00e9xico.<\/p>\n\n\n\n<p>Ante este acontecimiento, la Di\u00f3cesis de Veracruz y la orden de Frailes Franciscanos se preparan para una serie de actividades conmemorativas que se extender\u00e1n a lo largo de todo el a\u00f1o 2024 en diversos puntos del pa\u00eds, culminando en diciembre en la Bas\u00edlica de la Ciudad de M\u00e9xico, inform\u00f3 el fraile franciscano Joel Cosme Torres.<\/p>\n\n\n\n<p>El encargado de detallar los planes de celebraci\u00f3n, anunci\u00f3 que cualquier convento o templo franciscano que se visite durante este periodo otorgar\u00e1 indulgencia a los creyentes. <\/p>\n\n\n\n<p>En Veracruz, la orden franciscana tiene presencia en Piedras Negras y Orizaba, y se espera la participaci\u00f3n de miles de feligreses y miembros de la familia franciscana en las actividades planificadas.<\/p>\n\n\n\n<p>Las festividades dar\u00e1n inicio el 11 de mayo en el puerto de Veracruz con una serie de eventos significativos.<\/p>\n\n\n\n<p>La jornada comenzar\u00e1 con la inauguraci\u00f3n de la exposici\u00f3n &#8220;Don y Fruto&#8221; en el Recinto Reforma, seguida de una procesi\u00f3n que partir\u00e1 de la iglesia del Cristo del Buen Viaje hacia la Catedral de Veracruz. <\/p>\n\n\n\n<p>All\u00ed, se llevar\u00e1 a cabo una misa solemne presidida por el Obispo de Veracruz, Carlos Brise\u00f1o Arch, y posteriormente una hora santa en el asta Bandera con el objetivo de orar por la paz en M\u00e9xico. La jornada concluir\u00e1 con una verbena en el parque Zamora.<\/p>\n\n\n\n<p>Para el 12 de mayo, las actividades se trasladar\u00e1n a la Antigua, Veracruz, donde se llevar\u00e1 a cabo un rezo de la corona franciscana OFS en la capilla del Rosario, seguido de una misa solemne presidida por Monse\u00f1or Juan Manuel OFM.<\/p>\n\n\n\n<p>Adem\u00e1s de estas ceremonias, el programa incluye la presentaci\u00f3n de un documental el martes 7 de mayo en la ciudad de Orizaba, as\u00ed como la exhibici\u00f3n de las reliquias del Beato Fran Sebasti\u00e1n Aparicio y Guizar y Valencia, que estar\u00e1n disponibles para visitar en la parroquia del Perpetuo Socorro y San Francisco de As\u00eds a partir de este lunes.<\/p>\n\n\n\n<p>La conmemoraci\u00f3n de este evento hist\u00f3rico no solo representa un momento de reflexi\u00f3n espiritual, sino tambi\u00e9n una oportunidad para celebrar la herencia cultural y religiosa que los frailes franciscanos dejaron en M\u00e9xico hace cinco siglos.<\/p>\n\n\n\n<p><\/p>\n","protected":false},"excerpt":{"rendered":"<p>Jes\u00fas Utrilla \/ NV Noticias El pr\u00f3ximo 13 de mayo se cumplen 500 a\u00f1os desde la llegada de los 12 frailes franciscanos, quienes fueron los pioneros en la evangelizaci\u00f3n de M\u00e9xico. Ante este acontecimiento, la Di\u00f3cesis de Veracruz y la orden de Frailes Franciscanos se preparan para una serie de actividades conmemorativas que se extender\u00e1n [&hellip;]<\/p>\n","protected":false},"author":8,"featured_media":148353,"comment_status":"open","ping_status":"open","sticky":false,"template":"","format":"standard","meta":{"_monsterinsights_skip_tracking":false,"_monsterinsights_sitenote_active":false,"_monsterinsights_sitenote_note":"","_monsterinsights_sitenote_category":0,"footnotes":""},"categories":[154],"tags":[5352,3044,29980,180],"class_list":["post-148343","post","type-post","status-publish","format-standard","has-post-thumbnail","hentry","category-veracruz","tag-500-anos","tag-aniversario","tag-frailes-franciscanos","tag-veracruz","wp-image-borders"],"amp_enabled":true,"_links":{"self":[{"href":"https:\/\/nvnoticias.mx\/index.php\/wp-json\/wp\/v2\/posts\/148343","targetHints":{"allow":["GET"]}}],"collection":[{"href":"https:\/\/nvnoticias.mx\/index.php\/wp-json\/wp\/v2\/posts"}],"about":[{"href":"https:\/\/nvnoticias.mx\/index.php\/wp-json\/wp\/v2\/types\/post"}],"author":[{"embeddable":true,"href":"https:\/\/nvnoticias.mx\/index.php\/wp-json\/wp\/v2\/users\/8"}],"replies":[{"embeddable":true,"href":"https:\/\/nvnoticias.mx\/index.php\/wp-json\/wp\/v2\/comments?post=148343"}],"version-history":[{"count":1,"href":"https:\/\/nvnoticias.mx\/index.php\/wp-json\/wp\/v2\/posts\/148343\/revisions"}],"predecessor-version":[{"id":148354,"href":"https:\/\/nvnoticias.mx\/index.php\/wp-json\/wp\/v2\/posts\/148343\/revisions\/148354"}],"wp:featuredmedia":[{"embeddable":true,"href":"https:\/\/nvnoticias.mx\/index.php\/wp-json\/wp\/v2\/media\/148353"}],"wp:attachment":[{"href":"https:\/\/nvnoticias.mx\/index.php\/wp-json\/wp\/v2\/media?parent=148343"}],"wp:term":[{"taxonomy":"category","embeddable":true,"href":"https:\/\/nvnoticias.mx\/index.php\/wp-json\/wp\/v2\/categories?post=148343"},{"taxonomy":"post_tag","embeddable":true,"href":"https:\/\/nvnoticias.mx\/index.php\/wp-json\/wp\/v2\/tags?post=148343"}],"curies":[{"name":"wp","href":"https:\/\/api.w.org\/{rel}","templated":true}]}}