{"id":148340,"date":"2024-05-06T12:27:45","date_gmt":"2024-05-06T18:27:45","guid":{"rendered":"https:\/\/nvnoticias.mx\/?p=148340"},"modified":"2024-05-06T12:27:47","modified_gmt":"2024-05-06T18:27:47","slug":"anaid-lopez-buscara-soluciones-en-materia-de-agua","status":"publish","type":"post","link":"https:\/\/nvnoticias.mx\/index.php\/2024\/05\/06\/anaid-lopez-buscara-soluciones-en-materia-de-agua\/","title":{"rendered":"Anaid L\u00f3pez buscar\u00e1 soluciones en materia de agua"},"content":{"rendered":"\n<p><\/p>\n\n\n\n<p><strong>Jes\u00fas Utrilla \/ NV Noticias<\/strong><\/p>\n\n\n\n<p>Ana\u00edd Violeta L\u00f3pez Mej\u00eda, candidata a diputada local por el distrito 16, en respuesta a la escasez de agua durante el estiaje, se comprometi\u00f3 a implementar sistemas de captaci\u00f3n de agua de lluvia y filtraci\u00f3n, incluso en un entorno donde la pavimentaci\u00f3n con concreto hidr\u00e1ulico podr\u00eda parecer un obst\u00e1culo.<\/p>\n\n\n\n<p>Dijo que la innovaci\u00f3n y la adaptabilidad son clave para superar estos desaf\u00edos. <\/p>\n\n\n\n<p>Adem\u00e1s, la candidata destac\u00f3 la importancia de  la reforestaci\u00f3n urbana como medida para preservar los recursos h\u00eddricos y combatir el cambio clim\u00e1tico.<\/p>\n\n\n\n<p>Asimismo prometi\u00f3 una campa\u00f1a de concientizaci\u00f3n y siembra de \u00e1rboles en toda la ciudad. <\/p>\n\n\n\n<p>Rechaz\u00f3 sumarse a campa\u00f1as de ataques, optando en cambio por un enfoque constructivo basado en el di\u00e1logo y la presentaci\u00f3n de propuestas concretas ya que escuchar a la comunidad es el primer paso para el cambio.<\/p>\n\n\n\n<p>Ana\u00edd Violeta L\u00f3pez Mej\u00eda dijo que si gana buscar\u00e1  un futuro m\u00e1s justo y sostenible para Boca del R\u00edo y sus alrededores. <\/p>\n\n\n\n<p>Finalmente propuso una soluci\u00f3n integral que no solo asegure un suministro oportuno y suficiente de agua, sino que tambi\u00e9n garantice su calidad y accesibilidad para todos los habitantes ya que el agua potable es un derecho b\u00e1sico que todos merecen. <\/p>\n\n\n\n<p>El distrito por el que contiende abarca Boca del R\u00edo, Medell\u00edn, Jamapa y Manlio Fabio Altamirano.<\/p>\n\n\n\n<p><\/p>\n","protected":false},"excerpt":{"rendered":"<p>Jes\u00fas Utrilla \/ NV Noticias Ana\u00edd Violeta L\u00f3pez Mej\u00eda, candidata a diputada local por el distrito 16, en respuesta a la escasez de agua durante el estiaje, se comprometi\u00f3 a implementar sistemas de captaci\u00f3n de agua de lluvia y filtraci\u00f3n, incluso en un entorno donde la pavimentaci\u00f3n con concreto hidr\u00e1ulico podr\u00eda parecer un obst\u00e1culo. Dijo [&hellip;]<\/p>\n","protected":false},"author":8,"featured_media":148341,"comment_status":"open","ping_status":"open","sticky":false,"template":"","format":"standard","meta":{"_monsterinsights_skip_tracking":false,"_monsterinsights_sitenote_active":false,"_monsterinsights_sitenote_note":"","_monsterinsights_sitenote_category":0,"footnotes":""},"categories":[154],"tags":[29978,345],"class_list":["post-148340","post","type-post","status-publish","format-standard","has-post-thumbnail","hentry","category-veracruz","tag-anaid-violeta-lopez-mejia","tag-pt","wp-image-borders"],"amp_enabled":true,"_links":{"self":[{"href":"https:\/\/nvnoticias.mx\/index.php\/wp-json\/wp\/v2\/posts\/148340","targetHints":{"allow":["GET"]}}],"collection":[{"href":"https:\/\/nvnoticias.mx\/index.php\/wp-json\/wp\/v2\/posts"}],"about":[{"href":"https:\/\/nvnoticias.mx\/index.php\/wp-json\/wp\/v2\/types\/post"}],"author":[{"embeddable":true,"href":"https:\/\/nvnoticias.mx\/index.php\/wp-json\/wp\/v2\/users\/8"}],"replies":[{"embeddable":true,"href":"https:\/\/nvnoticias.mx\/index.php\/wp-json\/wp\/v2\/comments?post=148340"}],"version-history":[{"count":1,"href":"https:\/\/nvnoticias.mx\/index.php\/wp-json\/wp\/v2\/posts\/148340\/revisions"}],"predecessor-version":[{"id":148342,"href":"https:\/\/nvnoticias.mx\/index.php\/wp-json\/wp\/v2\/posts\/148340\/revisions\/148342"}],"wp:featuredmedia":[{"embeddable":true,"href":"https:\/\/nvnoticias.mx\/index.php\/wp-json\/wp\/v2\/media\/148341"}],"wp:attachment":[{"href":"https:\/\/nvnoticias.mx\/index.php\/wp-json\/wp\/v2\/media?parent=148340"}],"wp:term":[{"taxonomy":"category","embeddable":true,"href":"https:\/\/nvnoticias.mx\/index.php\/wp-json\/wp\/v2\/categories?post=148340"},{"taxonomy":"post_tag","embeddable":true,"href":"https:\/\/nvnoticias.mx\/index.php\/wp-json\/wp\/v2\/tags?post=148340"}],"curies":[{"name":"wp","href":"https:\/\/api.w.org\/{rel}","templated":true}]}}