{"id":148335,"date":"2024-05-06T10:12:39","date_gmt":"2024-05-06T16:12:39","guid":{"rendered":"https:\/\/nvnoticias.mx\/?p=148335"},"modified":"2024-05-06T10:12:41","modified_gmt":"2024-05-06T16:12:41","slug":"el-ejercito-israeli-comienza-la-evacuacion-de-una-zona-de-rafah-en-el-sur-de-gaza","status":"publish","type":"post","link":"https:\/\/nvnoticias.mx\/index.php\/2024\/05\/06\/el-ejercito-israeli-comienza-la-evacuacion-de-una-zona-de-rafah-en-el-sur-de-gaza\/","title":{"rendered":"El ej\u00e9rcito israel\u00ed comienza la evacuaci\u00f3n de una zona de Rafah, en el sur de Gaza"},"content":{"rendered":"\n<p>El ej\u00e9rcito israel\u00ed orden\u00f3 este lunes la evacuaci\u00f3n del este de Rafah, en el sur de la Franja de Gaza, tras semanas advirtiendo que lanzar\u00e1 una invasi\u00f3n, al tiempo que la defensa civil del territorio palestino anunci\u00f3 el bombardeo de dos barrios de la ciudad.<\/p>\n\n\n\n<p>El bombardeo israel\u00ed, a\u00e9reo y de artiller\u00eda, &#8220;empez\u00f3 anoche y se ha intensificado esta ma\u00f1ana&#8221;, dijo Ahmed Redwan, portavoz de la defensa civil palestina, especificando que dos de los vecindarios atacados, Al Shuka y Al Salam, se encuentran entre los que el ej\u00e9rcito israel\u00ed pidi\u00f3 a la poblaci\u00f3n civil que evacuara unas horas antes.<\/p>\n\n\n\n<p>El anuncio de la evacuaci\u00f3n dificulta los esfuerzos de mediaci\u00f3n emprendidos por Catar, Egipto, Estados Unidos para lograr un cese el fuego entre Israel y el movimiento islamista palestino Ham\u00e1s que permita la liberaci\u00f3n de rehenes israel\u00edes cautivos en Gaza tras casi siete meses de guerra.<\/p>\n\n\n\n<p>El ej\u00e9rcito israel\u00ed inform\u00f3 esta ma\u00f1ana que comenz\u00f3 &#8220;una operaci\u00f3n de alcance limitado para evacuar temporalmente a los residentes en la parte oriental de Rafah&#8221;, indic\u00f3 un portavoz.<\/p>\n\n\n\n<blockquote class=\"wp-block-quote is-layout-flow wp-block-quote-is-layout-flow\">\n<p>&#8220;La estimaci\u00f3n es de unas 100.000 personas&#8221;, afirm\u00f3 un vocero militar cuando se le pregunt\u00f3 cu\u00e1ntas personas est\u00e1n siendo evacuadas de esta ciudad fronteriza con Egipto.<\/p>\n<\/blockquote>\n\n\n\n<p>La Organizaci\u00f3n Mundial de la Salud estima que alrededor de 1,2 millones de personas viven en Rafah.<\/p>\n\n\n\n<p>Fuente: El Universal<\/p>\n","protected":false},"excerpt":{"rendered":"<p>El ej\u00e9rcito israel\u00ed orden\u00f3 este lunes la evacuaci\u00f3n del este de Rafah, en el sur de la Franja de Gaza, tras semanas advirtiendo que lanzar\u00e1 una invasi\u00f3n, al tiempo que la defensa civil del territorio palestino anunci\u00f3 el bombardeo de dos barrios de la ciudad. El bombardeo israel\u00ed, a\u00e9reo y de artiller\u00eda, &#8220;empez\u00f3 anoche y [&hellip;]<\/p>\n","protected":false},"author":35,"featured_media":124039,"comment_status":"open","ping_status":"open","sticky":false,"template":"","format":"standard","meta":{"_monsterinsights_skip_tracking":false,"_monsterinsights_sitenote_active":false,"_monsterinsights_sitenote_note":"","_monsterinsights_sitenote_category":0,"footnotes":""},"categories":[181],"tags":[3572,3337],"class_list":["post-148335","post","type-post","status-publish","format-standard","has-post-thumbnail","hentry","category-internacional","tag-franja-de-gaza","tag-israel","wp-image-borders"],"amp_enabled":true,"_links":{"self":[{"href":"https:\/\/nvnoticias.mx\/index.php\/wp-json\/wp\/v2\/posts\/148335","targetHints":{"allow":["GET"]}}],"collection":[{"href":"https:\/\/nvnoticias.mx\/index.php\/wp-json\/wp\/v2\/posts"}],"about":[{"href":"https:\/\/nvnoticias.mx\/index.php\/wp-json\/wp\/v2\/types\/post"}],"author":[{"embeddable":true,"href":"https:\/\/nvnoticias.mx\/index.php\/wp-json\/wp\/v2\/users\/35"}],"replies":[{"embeddable":true,"href":"https:\/\/nvnoticias.mx\/index.php\/wp-json\/wp\/v2\/comments?post=148335"}],"version-history":[{"count":1,"href":"https:\/\/nvnoticias.mx\/index.php\/wp-json\/wp\/v2\/posts\/148335\/revisions"}],"predecessor-version":[{"id":148336,"href":"https:\/\/nvnoticias.mx\/index.php\/wp-json\/wp\/v2\/posts\/148335\/revisions\/148336"}],"wp:featuredmedia":[{"embeddable":true,"href":"https:\/\/nvnoticias.mx\/index.php\/wp-json\/wp\/v2\/media\/124039"}],"wp:attachment":[{"href":"https:\/\/nvnoticias.mx\/index.php\/wp-json\/wp\/v2\/media?parent=148335"}],"wp:term":[{"taxonomy":"category","embeddable":true,"href":"https:\/\/nvnoticias.mx\/index.php\/wp-json\/wp\/v2\/categories?post=148335"},{"taxonomy":"post_tag","embeddable":true,"href":"https:\/\/nvnoticias.mx\/index.php\/wp-json\/wp\/v2\/tags?post=148335"}],"curies":[{"name":"wp","href":"https:\/\/api.w.org\/{rel}","templated":true}]}}