{"id":14830,"date":"2021-05-31T16:07:54","date_gmt":"2021-05-31T21:07:54","guid":{"rendered":"https:\/\/nvnoticias.mx\/?p=14830"},"modified":"2021-05-31T16:07:55","modified_gmt":"2021-05-31T21:07:55","slug":"cerrara-hospital-materno-infantil-de-coatzacoalcos","status":"publish","type":"post","link":"https:\/\/nvnoticias.mx\/index.php\/2021\/05\/31\/cerrara-hospital-materno-infantil-de-coatzacoalcos\/","title":{"rendered":"Cerrar\u00e1 sus puertas el hospital Materno Infantil de Coatzacoalcos"},"content":{"rendered":"\n<p class=\"wp-block-paragraph\"><strong>Julio Escobar \/ NV Noticias<\/strong><\/p>\n\n\n\n<p class=\"wp-block-paragraph\">El hospital Materno Infantil de Coatzacoalcos cerrar\u00e1 sus puertas este mes de junio a casi un a\u00f1o de haber entrado en operaciones para atender casos Covid-19 del sur de la entidad. Se estima que ocurra precisamente al finalizar las campa\u00f1as pol\u00edticas.<\/p>\n\n\n\n<p class=\"wp-block-paragraph\">El nosocomio cuenta ya con un anuncio en su puerta principal donde indica a interesados que, por disposici\u00f3n del Estado, ya no se reciben pacientes con Coronavirus y por eso los invita a acudir al Hospital Regional \u201cValent\u00edn G\u00f3mez Far\u00edas\u201d.<\/p>\n\n\n\n<blockquote class=\"wp-block-quote is-layout-flow wp-block-quote-is-layout-flow\"><p>\u201cPor disposici\u00f3n del Estado se les hace de su conocimiento que al p\u00fablico en general, este hospital materno infantil cesa de recibir pacientes con Covid-19 y consultas relacionadas con la misma. Debiendo dirigirse al Hospital Regional de Coatzacoalcos, Ver. (Dr. Valent\u00edn G\u00f3mez Far\u00edas\u201d, informa el papel pegado en la puerta.<\/p><\/blockquote>\n\n\n\n<p class=\"wp-block-paragraph\">Aunque el hospital trabaj\u00f3 con la mitad del personal proveniente de la SEDENA, 72 civiles que fueron reclutados y contratados bajo la promesa de seguir teniendo empleo una vez que concluyera la operaci\u00f3n por Covid-19 quedar\u00e1n en desamparo.<\/p>\n\n\n\n<p class=\"wp-block-paragraph\">Se trata de al menos 20 m\u00e9dicos generales y especialistas, 30 enfermeras, 12 del \u00e1rea de limpieza y 10 administrativos.<\/p>\n\n\n\n<p class=\"wp-block-paragraph\">Fue el 13 de julio del 2020 cuando, despu\u00e9s de tanta insistencia por parte de la sociedad, el Materno Infantil abri\u00f3 sus puertas exclusivamente para atender a enfermos por la pandemia.<\/p>\n\n\n\n<p class=\"wp-block-paragraph\">A lo largo de estos meses la Secretar\u00eda de la Defensa Nacional (Sedena) estuvo al frente del hospital y atendi\u00f3 casos no graves de Covid con 20 camas que contaban con monitor de signos vitales, tomas de ox\u00edgeno, red de gases medicinales y equipo de \u00faltima generaci\u00f3n.<\/p>\n","protected":false},"excerpt":{"rendered":"<p>Julio Escobar \/ NV Noticias El hospital Materno Infantil de Coatzacoalcos cerrar\u00e1 sus puertas este mes de junio a casi un a\u00f1o de haber entrado en operaciones para atender casos Covid-19 del sur de la entidad. Se estima que ocurra precisamente al finalizar las campa\u00f1as pol\u00edticas. El nosocomio cuenta ya con un anuncio en su [&hellip;]<\/p>\n","protected":false},"author":6,"featured_media":14831,"comment_status":"open","ping_status":"open","sticky":false,"template":"","format":"standard","meta":{"_monsterinsights_skip_tracking":false,"footnotes":""},"categories":[156],"tags":[504,175,895,4103],"class_list":["post-14830","post","type-post","status-publish","format-standard","has-post-thumbnail","hentry","category-estado","tag-coatzacoalcos","tag-covid-19","tag-hospital","tag-materno-infantil","wp-image-borders"],"amp_enabled":true,"_links":{"self":[{"href":"https:\/\/nvnoticias.mx\/index.php\/wp-json\/wp\/v2\/posts\/14830","targetHints":{"allow":["GET"]}}],"collection":[{"href":"https:\/\/nvnoticias.mx\/index.php\/wp-json\/wp\/v2\/posts"}],"about":[{"href":"https:\/\/nvnoticias.mx\/index.php\/wp-json\/wp\/v2\/types\/post"}],"author":[{"embeddable":true,"href":"https:\/\/nvnoticias.mx\/index.php\/wp-json\/wp\/v2\/users\/6"}],"replies":[{"embeddable":true,"href":"https:\/\/nvnoticias.mx\/index.php\/wp-json\/wp\/v2\/comments?post=14830"}],"version-history":[{"count":1,"href":"https:\/\/nvnoticias.mx\/index.php\/wp-json\/wp\/v2\/posts\/14830\/revisions"}],"predecessor-version":[{"id":14832,"href":"https:\/\/nvnoticias.mx\/index.php\/wp-json\/wp\/v2\/posts\/14830\/revisions\/14832"}],"wp:featuredmedia":[{"embeddable":true,"href":"https:\/\/nvnoticias.mx\/index.php\/wp-json\/wp\/v2\/media\/14831"}],"wp:attachment":[{"href":"https:\/\/nvnoticias.mx\/index.php\/wp-json\/wp\/v2\/media?parent=14830"}],"wp:term":[{"taxonomy":"category","embeddable":true,"href":"https:\/\/nvnoticias.mx\/index.php\/wp-json\/wp\/v2\/categories?post=14830"},{"taxonomy":"post_tag","embeddable":true,"href":"https:\/\/nvnoticias.mx\/index.php\/wp-json\/wp\/v2\/tags?post=14830"}],"curies":[{"name":"wp","href":"https:\/\/api.w.org\/{rel}","templated":true}]}}