{"id":148170,"date":"2024-05-03T13:40:34","date_gmt":"2024-05-03T19:40:34","guid":{"rendered":"https:\/\/nvnoticias.mx\/?p=148170"},"modified":"2024-05-03T13:40:36","modified_gmt":"2024-05-03T19:40:36","slug":"notifica-colombia-formalmente-a-israel-la-ruptura-de-relaciones-diplomaticas","status":"publish","type":"post","link":"https:\/\/nvnoticias.mx\/index.php\/2024\/05\/03\/notifica-colombia-formalmente-a-israel-la-ruptura-de-relaciones-diplomaticas\/","title":{"rendered":"Notifica Colombia formalmente a Israel la ruptura de relaciones diplom\u00e1ticas"},"content":{"rendered":"\n<p>El Gobierno colombiano notific\u00f3 oficialmente a Israel de la ruptura de relaciones diplom\u00e1ticas en rechazo a lo que el presidente Gustavo Petro llam\u00f3 &#8220;genocidio&#8221; en Gaza, y dijo que se comenzar\u00e1 a coordinar la salida de los diplom\u00e1ticos de ese pa\u00eds en Colombia.<\/p>\n\n\n\n<blockquote class=\"wp-block-quote is-layout-flow wp-block-quote-is-layout-flow\">\n<p>&#8220;El Ministerio de Relaciones Exteriores de Colombia informa que el d\u00eda de ayer (jueves) se entreg\u00f3 de manera oficial al embajador de Israel en Colombia, la Nota Verbal sobre la decisi\u00f3n del Gobierno.<\/p>\n<\/blockquote>\n\n\n\n<p>Fuente: <a href=\"https:\/\/www.eluniversal.com.mx\/mundo\/colombia-notifica-formalmente-a-israel-la-ruptura-de-relaciones-diplomaticas\/\" data-type=\"link\" data-id=\"https:\/\/www.eluniversal.com.mx\/mundo\/colombia-notifica-formalmente-a-israel-la-ruptura-de-relaciones-diplomaticas\/\">El Universal<\/a><br><\/p>\n","protected":false},"excerpt":{"rendered":"<p>El Gobierno colombiano notific\u00f3 oficialmente a Israel de la ruptura de relaciones diplom\u00e1ticas en rechazo a lo que el presidente Gustavo Petro llam\u00f3 &#8220;genocidio&#8221; en Gaza, y dijo que se comenzar\u00e1 a coordinar la salida de los diplom\u00e1ticos de ese pa\u00eds en Colombia. &#8220;El Ministerio de Relaciones Exteriores de Colombia informa que el d\u00eda de [&hellip;]<\/p>\n","protected":false},"author":35,"featured_media":124224,"comment_status":"open","ping_status":"open","sticky":false,"template":"","format":"standard","meta":{"_monsterinsights_skip_tracking":false,"_monsterinsights_sitenote_active":false,"_monsterinsights_sitenote_note":"","_monsterinsights_sitenote_category":0,"footnotes":""},"categories":[181],"tags":[207,3337],"class_list":["post-148170","post","type-post","status-publish","format-standard","has-post-thumbnail","hentry","category-internacional","tag-colombia","tag-israel","wp-image-borders"],"amp_enabled":true,"_links":{"self":[{"href":"https:\/\/nvnoticias.mx\/index.php\/wp-json\/wp\/v2\/posts\/148170","targetHints":{"allow":["GET"]}}],"collection":[{"href":"https:\/\/nvnoticias.mx\/index.php\/wp-json\/wp\/v2\/posts"}],"about":[{"href":"https:\/\/nvnoticias.mx\/index.php\/wp-json\/wp\/v2\/types\/post"}],"author":[{"embeddable":true,"href":"https:\/\/nvnoticias.mx\/index.php\/wp-json\/wp\/v2\/users\/35"}],"replies":[{"embeddable":true,"href":"https:\/\/nvnoticias.mx\/index.php\/wp-json\/wp\/v2\/comments?post=148170"}],"version-history":[{"count":1,"href":"https:\/\/nvnoticias.mx\/index.php\/wp-json\/wp\/v2\/posts\/148170\/revisions"}],"predecessor-version":[{"id":148171,"href":"https:\/\/nvnoticias.mx\/index.php\/wp-json\/wp\/v2\/posts\/148170\/revisions\/148171"}],"wp:featuredmedia":[{"embeddable":true,"href":"https:\/\/nvnoticias.mx\/index.php\/wp-json\/wp\/v2\/media\/124224"}],"wp:attachment":[{"href":"https:\/\/nvnoticias.mx\/index.php\/wp-json\/wp\/v2\/media?parent=148170"}],"wp:term":[{"taxonomy":"category","embeddable":true,"href":"https:\/\/nvnoticias.mx\/index.php\/wp-json\/wp\/v2\/categories?post=148170"},{"taxonomy":"post_tag","embeddable":true,"href":"https:\/\/nvnoticias.mx\/index.php\/wp-json\/wp\/v2\/tags?post=148170"}],"curies":[{"name":"wp","href":"https:\/\/api.w.org\/{rel}","templated":true}]}}