{"id":14816,"date":"2021-05-31T14:22:16","date_gmt":"2021-05-31T19:22:16","guid":{"rendered":"https:\/\/nvnoticias.mx\/?p=14816"},"modified":"2021-05-31T14:22:18","modified_gmt":"2021-05-31T19:22:18","slug":"pescadores-piden-apoyos-a-apiver-o-bloquearan-sus-accesos","status":"publish","type":"post","link":"https:\/\/nvnoticias.mx\/index.php\/2021\/05\/31\/pescadores-piden-apoyos-a-apiver-o-bloquearan-sus-accesos\/","title":{"rendered":"Pescadores piden apoyos a APIVER o bloquear\u00e1n sus accesos"},"content":{"rendered":"\n<p>Jes\u00fas Utrilla \/ NV Noticias<\/p>\n\n\n\n<p>Pescadores advirtieron que bloquear\u00e1n los accesos a la Administraci\u00f3n Portuaria Integral de Veracruz, pues la ampliaci\u00f3n del recinto portuario afect\u00f3 a 138 familias y no reciben apoyos.&nbsp;<\/p>\n\n\n\n<p>Nicol\u00e1s Rivera Dom\u00ednguez, presiente de la Coalici\u00f3n de Pescadores Marineros y Transportistas de Veracruz, dijo que dicha manifestaci\u00f3n ser\u00e1 la pr\u00f3xima semana, una vez pasada la elecci\u00f3n del domingo, pues ninguno de los 3 niveles de gobierno los apoyan.&nbsp;<\/p>\n\n\n\n<p>Y es que\u00a0\u00a0la producci\u00f3n pesquera cay\u00f3 hasta 80 por ciento\u00a0\u00a0por ciento por las obras de ampliaci\u00f3n del Puerto de Veracruz.<\/p>\n\n\n\n<blockquote class=\"wp-block-quote is-layout-flow wp-block-quote-is-layout-flow\"><p>\u201cApiver no nos ha cumplido, hemos tenido reuniones con el director, sin embargo, no nos toma en cuenta, nosotros necesitamos la reubicaci\u00f3n inmediata, en el lugar donde estamos hay descargas de Vergara y est\u00e1n contaminadas, vamos a tener problemas serios con Apiver\u201d.\u00a0<\/p><\/blockquote>\n\n\n\n<p>Al inicio de los trabajos les prometieron empleo temporal, sin embargo, solo dur\u00f3 cuatro meses.&nbsp;<\/p>\n\n\n\n<p>Exigieron soluci\u00f3n inmediata a su problema debido a que llevan varios meses solicitando que los apoyen.&nbsp;<\/p>\n\n\n\n<p>Incluso se han reunido en diversas ocasiones con las autoridades de Apiver, pero sin llegar a los acuerdos necesarios.<\/p>\n\n\n\n<blockquote class=\"wp-block-quote is-layout-flow wp-block-quote-is-layout-flow\"><p>\u201cTenemos una problem\u00e1tica muy grande, despu\u00e9s de las elecciones vamos a tomar todo el Puerto de Veracruz, vamos a tomar todas las entradas, queremos una soluci\u00f3n inmediata. Somos muchas agrupaciones las que estamos inconformes, la ampliaci\u00f3n del puerto dej\u00f3 muchas afectaciones y ecocidios, Apiver no nos quiere atender y el director est\u00e1 cerrado al di\u00e1logo\u201d.\u00a0<\/p><\/blockquote>\n","protected":false},"excerpt":{"rendered":"<p>Jes\u00fas Utrilla \/ NV Noticias Pescadores advirtieron que bloquear\u00e1n los accesos a la Administraci\u00f3n Portuaria Integral de Veracruz, pues la ampliaci\u00f3n del recinto portuario afect\u00f3 a 138 familias y no reciben apoyos.&nbsp; Nicol\u00e1s Rivera Dom\u00ednguez, presiente de la Coalici\u00f3n de Pescadores Marineros y Transportistas de Veracruz, dijo que dicha manifestaci\u00f3n ser\u00e1 la pr\u00f3xima semana, una [&hellip;]<\/p>\n","protected":false},"author":6,"featured_media":818,"comment_status":"open","ping_status":"open","sticky":false,"template":"","format":"standard","meta":{"_monsterinsights_skip_tracking":false,"_monsterinsights_sitenote_active":false,"_monsterinsights_sitenote_note":"","_monsterinsights_sitenote_category":0,"footnotes":""},"categories":[154],"tags":[4100,458,272],"class_list":["post-14816","post","type-post","status-publish","format-standard","has-post-thumbnail","hentry","category-veracruz","tag-apiver","tag-apoyos","tag-pescadores","wp-image-borders"],"amp_enabled":true,"_links":{"self":[{"href":"https:\/\/nvnoticias.mx\/index.php\/wp-json\/wp\/v2\/posts\/14816","targetHints":{"allow":["GET"]}}],"collection":[{"href":"https:\/\/nvnoticias.mx\/index.php\/wp-json\/wp\/v2\/posts"}],"about":[{"href":"https:\/\/nvnoticias.mx\/index.php\/wp-json\/wp\/v2\/types\/post"}],"author":[{"embeddable":true,"href":"https:\/\/nvnoticias.mx\/index.php\/wp-json\/wp\/v2\/users\/6"}],"replies":[{"embeddable":true,"href":"https:\/\/nvnoticias.mx\/index.php\/wp-json\/wp\/v2\/comments?post=14816"}],"version-history":[{"count":2,"href":"https:\/\/nvnoticias.mx\/index.php\/wp-json\/wp\/v2\/posts\/14816\/revisions"}],"predecessor-version":[{"id":14818,"href":"https:\/\/nvnoticias.mx\/index.php\/wp-json\/wp\/v2\/posts\/14816\/revisions\/14818"}],"wp:featuredmedia":[{"embeddable":true,"href":"https:\/\/nvnoticias.mx\/index.php\/wp-json\/wp\/v2\/media\/818"}],"wp:attachment":[{"href":"https:\/\/nvnoticias.mx\/index.php\/wp-json\/wp\/v2\/media?parent=14816"}],"wp:term":[{"taxonomy":"category","embeddable":true,"href":"https:\/\/nvnoticias.mx\/index.php\/wp-json\/wp\/v2\/categories?post=14816"},{"taxonomy":"post_tag","embeddable":true,"href":"https:\/\/nvnoticias.mx\/index.php\/wp-json\/wp\/v2\/tags?post=14816"}],"curies":[{"name":"wp","href":"https:\/\/api.w.org\/{rel}","templated":true}]}}