{"id":148129,"date":"2024-05-03T10:57:58","date_gmt":"2024-05-03T16:57:58","guid":{"rendered":"https:\/\/nvnoticias.mx\/?p=148129"},"modified":"2024-05-03T10:57:59","modified_gmt":"2024-05-03T16:57:59","slug":"preocupa-a-cidh-la-persistencia-de-la-violencia-letal-contra-periodistas-y-comunicadores-en-mexico","status":"publish","type":"post","link":"https:\/\/nvnoticias.mx\/index.php\/2024\/05\/03\/preocupa-a-cidh-la-persistencia-de-la-violencia-letal-contra-periodistas-y-comunicadores-en-mexico\/","title":{"rendered":"Preocupa a CIDH &#8220;la persistencia de la violencia letal contra periodistas y comunicadores en M\u00e9xico&#8221;"},"content":{"rendered":"\n<p>La Relator\u00eda Especial para la Libertad Expresi\u00f3n de la Comisi\u00f3n Interamericana de Derechos Humanos (CIDH) public\u00f3 este viernes su Informe Anual 2023, en el marco del D\u00eda Mundial De La Libertad De Prensa, en el que menciona que le preocupa &#8220;la persistencia de la violencia letal contra periodistas y comunicadores en M\u00e9xico&#8221;.<\/p>\n\n\n\n<p>Mencion\u00f3 que &#8220;M\u00e9xico es uno de los pa\u00edses m\u00e1s peligrosos y letales para la prensa en la regi\u00f3n y el mundo&#8221;. Se\u00f1al\u00f3 que el pa\u00eds &#8220;registr\u00f3 nuevamente una de las cifras de asesinatos m\u00e1s altas en la regi\u00f3n y el mundo. En el transcurso de este a\u00f1o, al menos 7 periodistas y comunicadores fueron asesinados en M\u00e9xico por motivos que pueden estar vinculados a su trabajo period\u00edstico&#8221;.<\/p>\n\n\n\n<p>Indic\u00f3 que en el pa\u00eds hay &#8220;un contexto de creciente estigmatizaci\u00f3n, descalificaci\u00f3n y descr\u00e9dito por parte de actores pol\u00edticos y funcionarios p\u00fablicos en los diferentes niveles del Estado, contra la prensa&#8221;.<\/p>\n\n\n\n<p>En el reporte se indic\u00f3 que &#8220;en particular, preocupa a la Relator\u00eda Especial la creciente estigmatizaci\u00f3n a la prensa impulsada por el Poder Ejecutivo a trav\u00e9s de la secci\u00f3n diaria \u201cQui\u00e9n es qui\u00e9n en las mentiras de la semana\u201d, implementada desde junio de 2021 con el alegado fin de \u201canalizar, verificar y aclarar las noticias imprecisas de inter\u00e9s general para la poblaci\u00f3n\u201d.<\/p>\n\n\n\n<p>Al respecto, la organizaci\u00f3n Art\u00edculo 19 M\u00e9xico document\u00f3 un total de 65 agresiones directas contra la prensa en el primer semestre de 2023, de las cuales 42 proven\u00edan de las conferencias ma\u00f1aneras \u201cQui\u00e9n es qui\u00e9n en las mentiras\u201d. Seg\u00fan fue reportado en su informe semestral de 2023, en este segmento se habr\u00eda calificado de manera negativa a la prensa en al menos 114 ocasiones, con expresiones que la tildan de \u201cconservadora\u201d, \u201ctendenciosa\u201d, \u201cadversaria\u201d, \u201cvendida\u201d, \u201ccorrupta\u201d, entre otras. Organizaciones de la sociedad civil han manifestado su preocupaci\u00f3n por el efecto cascada de este tipo de declaraciones y su potencial de ser replicadas por actores en otros niveles del Estado&#8221;.<\/p>\n\n\n\n<p>La relator\u00eda a\u00f1adi\u00f3 que en 2023 &#8220;tambi\u00e9n conoci\u00f3 sobre la activaci\u00f3n de procesos judiciales contra periodistas y comunicadores que reportan sobre asuntos de inter\u00e9s p\u00fablico&#8221;.<\/p>\n\n\n\n<p>En el reporte detall\u00f3 que &#8220;a esto, se suman reportes de secuestros, amenazas, agresiones f\u00edsicas y verbales, actos de intimidaci\u00f3n y acoso judicial, se\u00f1alamientos estigmatizantes contra la prensa por parte de las m\u00e1s altas autoridades, as\u00ed como ataques y campa\u00f1as de desprestigio contra periodistas y medios de comunicaci\u00f3n en el \u00e1mbito digital&#8221;.<\/p>\n\n\n\n<p>Detall\u00f3 que &#8220;en el primer semestre de 2023, la organizaci\u00f3n Art\u00edculo 19 M\u00e9xico document\u00f3 272 agresiones, siendo las intimidaciones y los hostigamientos la forma de violencia m\u00e1s com\u00fan a la cual se enfrentan las y los periodistas en M\u00e9xico. Igualmente, en una audiencia p\u00fablica celebrada en el 186 Periodo Ordinario de Sesiones de la Comisi\u00f3n Interamericana, organizaciones de la sociedad civil mexicana denunciaron que agentes del Estado e integrantes del crimen organizado ser\u00edan los principales agresores de la prensa. Tal como ha se\u00f1alado esta Oficina en informes anteriores, este escenario de hostilidad, inseguridad y descr\u00e9dito ha provocado a un temor generalizado de la prensa a reportar sobre temas como narcotr\u00e1fico, seguridad p\u00fablica, corrupci\u00f3n o crimen organizado&#8221;.<\/p>\n\n\n\n<p>Tambi\u00e9n a\u00f1adi\u00f3 que &#8220;la Relator\u00eda Especial tom\u00f3 nota de los avances en las investigaciones sobre ataques y asesinatos de periodistas&#8221;.<\/p>\n\n\n\n<blockquote class=\"wp-block-quote is-layout-flow wp-block-quote-is-layout-flow\">\n<p>&#8220;Por otro lado, la Relator\u00eda contin\u00faa registrando nuevos casos de atentados y ataques letales contra miembros de la prensa en M\u00e9xico&#8221;.<\/p>\n<\/blockquote>\n\n\n\n<p>Mencion\u00f3 que &#8220;respecto del ataque armado sufrido por el periodista Ciro G\u00f3mez Leyva el 15 de diciembre de 2022, Claudia Sheinbaum, jefa de Gobierno de la Ciudad de M\u00e9xico, dio a conocer en marzo de 2023 la captura de Leslie \u201cN\u201d, presuntamente implicada en el ataque2516. Adem\u00e1s, otras 12 personas habr\u00edan sido detenidas por su presunta participaci\u00f3n&#8221;.<\/p>\n\n\n\n<p>Fuente: <a href=\"https:\/\/www.eluniversal.com.mx\/mundo\/preocupa-a-cidh-la-persistencia-de-la-violencia-letal-contra-periodistas-y-comunicadores-en-mexico\/\" data-type=\"link\" data-id=\"https:\/\/www.eluniversal.com.mx\/mundo\/preocupa-a-cidh-la-persistencia-de-la-violencia-letal-contra-periodistas-y-comunicadores-en-mexico\/\">El Universal<\/a><br><\/p>\n","protected":false},"excerpt":{"rendered":"<p>La Relator\u00eda Especial para la Libertad Expresi\u00f3n de la Comisi\u00f3n Interamericana de Derechos Humanos (CIDH) public\u00f3 este viernes su Informe Anual 2023, en el marco del D\u00eda Mundial De La Libertad De Prensa, en el que menciona que le preocupa &#8220;la persistencia de la violencia letal contra periodistas y comunicadores en M\u00e9xico&#8221;. Mencion\u00f3 que &#8220;M\u00e9xico [&hellip;]<\/p>\n","protected":false},"author":35,"featured_media":41028,"comment_status":"open","ping_status":"open","sticky":false,"template":"","format":"standard","meta":{"_monsterinsights_skip_tracking":false,"_monsterinsights_sitenote_active":false,"_monsterinsights_sitenote_note":"","_monsterinsights_sitenote_category":0,"footnotes":""},"categories":[181],"tags":[13916,292],"class_list":["post-148129","post","type-post","status-publish","format-standard","has-post-thumbnail","hentry","category-internacional","tag-cidh","tag-mexico","wp-image-borders"],"amp_enabled":true,"_links":{"self":[{"href":"https:\/\/nvnoticias.mx\/index.php\/wp-json\/wp\/v2\/posts\/148129","targetHints":{"allow":["GET"]}}],"collection":[{"href":"https:\/\/nvnoticias.mx\/index.php\/wp-json\/wp\/v2\/posts"}],"about":[{"href":"https:\/\/nvnoticias.mx\/index.php\/wp-json\/wp\/v2\/types\/post"}],"author":[{"embeddable":true,"href":"https:\/\/nvnoticias.mx\/index.php\/wp-json\/wp\/v2\/users\/35"}],"replies":[{"embeddable":true,"href":"https:\/\/nvnoticias.mx\/index.php\/wp-json\/wp\/v2\/comments?post=148129"}],"version-history":[{"count":1,"href":"https:\/\/nvnoticias.mx\/index.php\/wp-json\/wp\/v2\/posts\/148129\/revisions"}],"predecessor-version":[{"id":148130,"href":"https:\/\/nvnoticias.mx\/index.php\/wp-json\/wp\/v2\/posts\/148129\/revisions\/148130"}],"wp:featuredmedia":[{"embeddable":true,"href":"https:\/\/nvnoticias.mx\/index.php\/wp-json\/wp\/v2\/media\/41028"}],"wp:attachment":[{"href":"https:\/\/nvnoticias.mx\/index.php\/wp-json\/wp\/v2\/media?parent=148129"}],"wp:term":[{"taxonomy":"category","embeddable":true,"href":"https:\/\/nvnoticias.mx\/index.php\/wp-json\/wp\/v2\/categories?post=148129"},{"taxonomy":"post_tag","embeddable":true,"href":"https:\/\/nvnoticias.mx\/index.php\/wp-json\/wp\/v2\/tags?post=148129"}],"curies":[{"name":"wp","href":"https:\/\/api.w.org\/{rel}","templated":true}]}}