{"id":148045,"date":"2024-05-02T11:58:53","date_gmt":"2024-05-02T17:58:53","guid":{"rendered":"https:\/\/nvnoticias.mx\/?p=148045"},"modified":"2024-05-02T11:58:54","modified_gmt":"2024-05-02T17:58:54","slug":"kate-middleton-mantiene-la-tradicion-y-difunde-foto-de-su-hija-por-su-cumpleanos","status":"publish","type":"post","link":"https:\/\/nvnoticias.mx\/index.php\/2024\/05\/02\/kate-middleton-mantiene-la-tradicion-y-difunde-foto-de-su-hija-por-su-cumpleanos\/","title":{"rendered":"Kate Middleton mantiene la tradici\u00f3n y difunde foto de su hija por su cumplea\u00f1os"},"content":{"rendered":"\n<p>La princesa de Gales, Kate Middleton, mantuvo la tradici\u00f3n y comparti\u00f3 este jueves en X una fotograf\u00eda de la princesa Charlotte por su noveno cumplkea\u00f1os, tomada por su madre hace unos d\u00edas en su residencia en Windsor (a unos 40 kil\u00f3metros de Londres).<\/p>\n\n\n\n<p>En la imagen se ve a la ni\u00f1a de pie y apoyada en una verja con una enredadera, con el pelo largo suelto y muy sonriente, vestida con una falda tejana y chaqueta de punto.<\/p>\n\n\n\n<p>En su mensaje en la red social, la pareja escribi\u00f3: &#8220;\u00a1Feliz 9 cumplea\u00f1os, princesa Carlota!&#8221; y &#8220;Gracias a todos por sus amables mensajes de hoy&#8221;.<\/p>\n\n\n\n<p>La princesa de Gales es la autora de la foto, como suele hacer cuando se trata del cumplea\u00f1os de uno de sus hijos u otras im\u00e1genes familiares.<\/p>\n\n\n\n<p>El 23 de abril, difundi\u00f3 un retrato del pr\u00edncipe Louis por su sexto aniversario, y se espera otro del pr\u00edncipe Jorge cuando cumpla 11 a\u00f1os el pr\u00f3ximo 22 de julio.<\/p>\n\n\n\n<p>Fuente: <a href=\"https:\/\/www.eluniversal.com.mx\/mundo\/kate-middleton-mantiene-la-tradicion-y-difunde-foto-de-su-hija-la-princesa-charlotte-por-su-cumpleanos\/\" data-type=\"link\" data-id=\"https:\/\/www.eluniversal.com.mx\/mundo\/kate-middleton-mantiene-la-tradicion-y-difunde-foto-de-su-hija-la-princesa-charlotte-por-su-cumpleanos\/\">El Universal<\/a><br><\/p>\n","protected":false},"excerpt":{"rendered":"<p>La princesa de Gales, Kate Middleton, mantuvo la tradici\u00f3n y comparti\u00f3 este jueves en X una fotograf\u00eda de la princesa Charlotte por su noveno cumplkea\u00f1os, tomada por su madre hace unos d\u00edas en su residencia en Windsor (a unos 40 kil\u00f3metros de Londres). En la imagen se ve a la ni\u00f1a de pie y apoyada [&hellip;]<\/p>\n","protected":false},"author":35,"featured_media":73541,"comment_status":"open","ping_status":"open","sticky":false,"template":"","format":"standard","meta":{"_monsterinsights_skip_tracking":false,"_monsterinsights_sitenote_active":false,"_monsterinsights_sitenote_note":"","_monsterinsights_sitenote_category":0,"footnotes":""},"categories":[181],"tags":[19154],"class_list":["post-148045","post","type-post","status-publish","format-standard","has-post-thumbnail","hentry","category-internacional","tag-kate-middleton","wp-image-borders"],"amp_enabled":true,"_links":{"self":[{"href":"https:\/\/nvnoticias.mx\/index.php\/wp-json\/wp\/v2\/posts\/148045","targetHints":{"allow":["GET"]}}],"collection":[{"href":"https:\/\/nvnoticias.mx\/index.php\/wp-json\/wp\/v2\/posts"}],"about":[{"href":"https:\/\/nvnoticias.mx\/index.php\/wp-json\/wp\/v2\/types\/post"}],"author":[{"embeddable":true,"href":"https:\/\/nvnoticias.mx\/index.php\/wp-json\/wp\/v2\/users\/35"}],"replies":[{"embeddable":true,"href":"https:\/\/nvnoticias.mx\/index.php\/wp-json\/wp\/v2\/comments?post=148045"}],"version-history":[{"count":1,"href":"https:\/\/nvnoticias.mx\/index.php\/wp-json\/wp\/v2\/posts\/148045\/revisions"}],"predecessor-version":[{"id":148046,"href":"https:\/\/nvnoticias.mx\/index.php\/wp-json\/wp\/v2\/posts\/148045\/revisions\/148046"}],"wp:featuredmedia":[{"embeddable":true,"href":"https:\/\/nvnoticias.mx\/index.php\/wp-json\/wp\/v2\/media\/73541"}],"wp:attachment":[{"href":"https:\/\/nvnoticias.mx\/index.php\/wp-json\/wp\/v2\/media?parent=148045"}],"wp:term":[{"taxonomy":"category","embeddable":true,"href":"https:\/\/nvnoticias.mx\/index.php\/wp-json\/wp\/v2\/categories?post=148045"},{"taxonomy":"post_tag","embeddable":true,"href":"https:\/\/nvnoticias.mx\/index.php\/wp-json\/wp\/v2\/tags?post=148045"}],"curies":[{"name":"wp","href":"https:\/\/api.w.org\/{rel}","templated":true}]}}