{"id":148042,"date":"2024-05-02T11:28:45","date_gmt":"2024-05-02T17:28:45","guid":{"rendered":"https:\/\/nvnoticias.mx\/?p=148042"},"modified":"2024-05-02T11:28:47","modified_gmt":"2024-05-02T17:28:47","slug":"biden-defiende-derecho-a-protestar-pero-no-a-desatar-la-violencia","status":"publish","type":"post","link":"https:\/\/nvnoticias.mx\/index.php\/2024\/05\/02\/biden-defiende-derecho-a-protestar-pero-no-a-desatar-la-violencia\/","title":{"rendered":"Biden defiende derecho a protestar, pero no a desatar la violencia"},"content":{"rendered":"\n<p>El presidente de Estados Unidos, Joe Biden, se pronunci\u00f3 por primera vez en torno a las protestas propalestinas registradas en diversas universidades del pa\u00eds y defendi\u00f3 el derecho a la libertad de expresi\u00f3n, pero no a desatar la violencia.<\/p>\n\n\n\n<p>En momentos en que la polic\u00eda ha ingresado a campus como el de la Universidad de Columbia y la de California en Los \u00c1ngeles (UCLA), Biden dijo que en Estados Unidos existe la libertad de expresi\u00f3n, pero tambi\u00e9n el Estado de derecho. &#8220;El orden debe prevalecer&#8221;, se\u00f1al\u00f3.<\/p>\n\n\n\n<p>Asegur\u00f3 que respeta a quienes tienen posiciones firmes y que tienen derecho de expresarlas, pero a\u00f1adi\u00f3 que nada justifica &#8220;la violencia, la destrucci\u00f3n, el odio&#8221;.<\/p>\n\n\n\n<p>Los campamentos y protestas en las universidades han sido desalojados a petici\u00f3n de las propias autoridades universitarias, en medio de denuncias de antisemitismo, de islamofobia y en momentos en que los j\u00f3venes se alistan para sus graduaciones.<\/p>\n\n\n\n<blockquote class=\"wp-block-quote is-layout-flow wp-block-quote-is-layout-flow\">\n<p>&#8220;En las universidades, en Estados Unidos, no hay lugar para el antisemitismo, la islamofobia; no hay lugar para el racismo, la discriminaci\u00f3n ni las amenazas a los estudiantes&#8221;, asever\u00f3 Biden, y enfatiz\u00f3 que siempre &#8220;defender\u00e9 el Estado de derecho&#8221;.<\/p>\n<\/blockquote>\n\n\n\n<p>Cuestionado sobre si las protestas lo han hecho cambiar su postura respecto de Israel, dijo que &#8220;no&#8221;. Tambi\u00e9n rechaz\u00f3 la idea de que la Guardia Nacional intervenga para poner fin a las protestas en los campus.<\/p>\n\n\n\n<p>La madrugada de este jueves polic\u00edas y estudiantes se enfrentaron en la Universidad de California en Los Angeles (UCLA) durante el desalojo de las barricadas levantadas por manifestantes contra la guerra en Gaza, tras una jornada de intervenciones en otros centros de EU que dejaron numerosos detenidos.<\/p>\n\n\n\n<p>Fuente: <a href=\"https:\/\/www.eluniversal.com.mx\/mundo\/biden-defiende-derecho-a-protestar-pero-no-a-desatar-la-violencia\/\" data-type=\"link\" data-id=\"https:\/\/www.eluniversal.com.mx\/mundo\/biden-defiende-derecho-a-protestar-pero-no-a-desatar-la-violencia\/\">El Universal<\/a><br><\/p>\n","protected":false},"excerpt":{"rendered":"<p>El presidente de Estados Unidos, Joe Biden, se pronunci\u00f3 por primera vez en torno a las protestas propalestinas registradas en diversas universidades del pa\u00eds y defendi\u00f3 el derecho a la libertad de expresi\u00f3n, pero no a desatar la violencia. En momentos en que la polic\u00eda ha ingresado a campus como el de la Universidad de [&hellip;]<\/p>\n","protected":false},"author":35,"featured_media":20901,"comment_status":"open","ping_status":"open","sticky":false,"template":"","format":"standard","meta":{"_monsterinsights_skip_tracking":false,"_monsterinsights_sitenote_active":false,"_monsterinsights_sitenote_note":"","_monsterinsights_sitenote_category":0,"footnotes":""},"categories":[181],"tags":[182,11061],"class_list":["post-148042","post","type-post","status-publish","format-standard","has-post-thumbnail","hentry","category-internacional","tag-joe-biden","tag-palestina","wp-image-borders"],"amp_enabled":true,"_links":{"self":[{"href":"https:\/\/nvnoticias.mx\/index.php\/wp-json\/wp\/v2\/posts\/148042","targetHints":{"allow":["GET"]}}],"collection":[{"href":"https:\/\/nvnoticias.mx\/index.php\/wp-json\/wp\/v2\/posts"}],"about":[{"href":"https:\/\/nvnoticias.mx\/index.php\/wp-json\/wp\/v2\/types\/post"}],"author":[{"embeddable":true,"href":"https:\/\/nvnoticias.mx\/index.php\/wp-json\/wp\/v2\/users\/35"}],"replies":[{"embeddable":true,"href":"https:\/\/nvnoticias.mx\/index.php\/wp-json\/wp\/v2\/comments?post=148042"}],"version-history":[{"count":2,"href":"https:\/\/nvnoticias.mx\/index.php\/wp-json\/wp\/v2\/posts\/148042\/revisions"}],"predecessor-version":[{"id":148044,"href":"https:\/\/nvnoticias.mx\/index.php\/wp-json\/wp\/v2\/posts\/148042\/revisions\/148044"}],"wp:featuredmedia":[{"embeddable":true,"href":"https:\/\/nvnoticias.mx\/index.php\/wp-json\/wp\/v2\/media\/20901"}],"wp:attachment":[{"href":"https:\/\/nvnoticias.mx\/index.php\/wp-json\/wp\/v2\/media?parent=148042"}],"wp:term":[{"taxonomy":"category","embeddable":true,"href":"https:\/\/nvnoticias.mx\/index.php\/wp-json\/wp\/v2\/categories?post=148042"},{"taxonomy":"post_tag","embeddable":true,"href":"https:\/\/nvnoticias.mx\/index.php\/wp-json\/wp\/v2\/tags?post=148042"}],"curies":[{"name":"wp","href":"https:\/\/api.w.org\/{rel}","templated":true}]}}