{"id":148000,"date":"2024-05-01T13:49:08","date_gmt":"2024-05-01T19:49:08","guid":{"rendered":"https:\/\/nvnoticias.mx\/?p=148000"},"modified":"2024-05-01T13:49:10","modified_gmt":"2024-05-01T19:49:10","slug":"se-espera-un-aumento-en-la-produccion-de-tamsa-para-reconstruccion-en-medio-oriente","status":"publish","type":"post","link":"https:\/\/nvnoticias.mx\/index.php\/2024\/05\/01\/se-espera-un-aumento-en-la-produccion-de-tamsa-para-reconstruccion-en-medio-oriente\/","title":{"rendered":"Se espera un aumento en la producci\u00f3n de Tamsa, para reconstrucci\u00f3n en Medio Oriente"},"content":{"rendered":"\n<p><\/p>\n\n\n\n<p><strong>Jes\u00fas Utrilla \/ NV Noticias<\/strong><\/p>\n\n\n\n<p>Se espera un aumento en la producci\u00f3n de Tamsa, destinado a satisfacer la demanda en Medio Oriente. El anuncio fue hecho por el dirigente del Sindicato Nacional Unidad y Progreso de Tamsa, C\u00e1ndido Canseco Castro, quien revel\u00f3 los planes de la empresa para incrementar su actividad y contribuir a la reconstrucci\u00f3n en \u00e1reas como Israel y la Franja de Gaza, as\u00ed como otras regiones afectadas en la zona.<\/p>\n\n\n\n<p>Los pedidos provenientes de Medio Oriente representar\u00e1n una parte significativa de la producci\u00f3n de Tamsa en los pr\u00f3ximos meses. Con una fuerza laboral capacitada y lista para responder a este aumento en la demanda, la empresa se prepara para mantener altos est\u00e1ndares de calidad y eficiencia en la producci\u00f3n.<\/p>\n\n\n\n<blockquote class=\"wp-block-quote is-layout-flow wp-block-quote-is-layout-flow\">\n<p>&#8220;<em>Esperamos poder aumentar nuestra producci\u00f3n en al menos un 20 por ciento para poder satisfacer plenamente las necesidades del mercado y, al mismo tiempo, generar m\u00e1s empleo para nuestros compa\u00f1eros<\/em>&#8220;.<\/p>\n<\/blockquote>\n\n\n\n<p>A pesar de que en los \u00faltimos meses la producci\u00f3n se ha mantenido en alrededor de 75 mil toneladas mensuales, la capacidad instalada de Tamsa supera las 100 mil toneladas. Este aumento en la demanda representa una oportunidad \u00fanica para la empresa de operar a plena capacidad y contribuir al crecimiento econ\u00f3mico tanto a nivel local como internacional.<\/p>\n\n\n\n<p>Sin embargo, Canseco Castro tambi\u00e9n abord\u00f3 la situaci\u00f3n del empleo en Tamsa, se\u00f1alando que las nuevas contrataciones se encuentran detenidas temporalmente. Desde septiembre del a\u00f1o pasado, la empresa ha experimentado una pausa en las contrataciones debido a la situaci\u00f3n del mercado. A pesar de esto, no se han registrado despidos y los trabajadores rotativos contin\u00faan laborando en la empresa.<\/p>\n\n\n\n<blockquote class=\"wp-block-quote is-layout-flow wp-block-quote-is-layout-flow\">\n<p>&#8220;<em>A pesar de las dificultades, hemos mantenido nuestra planta laboral y seguimos comprometidos con el bienestar de nuestros empleados. Nuestro objetivo es reactivar las contrataciones una vez que la producci\u00f3n aumente y podamos responder a la creciente demanda del mercado internacional<\/em>&#8220;.<\/p>\n<\/blockquote>\n\n\n\n<p>Tamsa se posiciona como un actor clave en la industria sider\u00fargica, contribuyendo no solo al desarrollo econ\u00f3mico de Veracruz, sino tambi\u00e9n a la reconstrucci\u00f3n y desarrollo de regiones afectadas en Medio Oriente. La empresa contin\u00faa su compromiso con la calidad, la eficiencia y el crecimiento sostenible, demostrando su capacidad para adaptarse a las cambiantes condiciones del mercado global.<\/p>\n","protected":false},"excerpt":{"rendered":"<p>Jes\u00fas Utrilla \/ NV Noticias Se espera un aumento en la producci\u00f3n de Tamsa, destinado a satisfacer la demanda en Medio Oriente. El anuncio fue hecho por el dirigente del Sindicato Nacional Unidad y Progreso de Tamsa, C\u00e1ndido Canseco Castro, quien revel\u00f3 los planes de la empresa para incrementar su actividad y contribuir a la [&hellip;]<\/p>\n","protected":false},"author":8,"featured_media":148001,"comment_status":"open","ping_status":"open","sticky":false,"template":"","format":"standard","meta":{"_monsterinsights_skip_tracking":false,"_monsterinsights_sitenote_active":false,"_monsterinsights_sitenote_note":"","_monsterinsights_sitenote_category":0,"footnotes":""},"categories":[154],"tags":[17156,29962,7427],"class_list":["post-148000","post","type-post","status-publish","format-standard","has-post-thumbnail","hentry","category-veracruz","tag-medio-oriente","tag-produccion-2","tag-tamsa","wp-image-borders"],"amp_enabled":true,"_links":{"self":[{"href":"https:\/\/nvnoticias.mx\/index.php\/wp-json\/wp\/v2\/posts\/148000","targetHints":{"allow":["GET"]}}],"collection":[{"href":"https:\/\/nvnoticias.mx\/index.php\/wp-json\/wp\/v2\/posts"}],"about":[{"href":"https:\/\/nvnoticias.mx\/index.php\/wp-json\/wp\/v2\/types\/post"}],"author":[{"embeddable":true,"href":"https:\/\/nvnoticias.mx\/index.php\/wp-json\/wp\/v2\/users\/8"}],"replies":[{"embeddable":true,"href":"https:\/\/nvnoticias.mx\/index.php\/wp-json\/wp\/v2\/comments?post=148000"}],"version-history":[{"count":1,"href":"https:\/\/nvnoticias.mx\/index.php\/wp-json\/wp\/v2\/posts\/148000\/revisions"}],"predecessor-version":[{"id":148002,"href":"https:\/\/nvnoticias.mx\/index.php\/wp-json\/wp\/v2\/posts\/148000\/revisions\/148002"}],"wp:featuredmedia":[{"embeddable":true,"href":"https:\/\/nvnoticias.mx\/index.php\/wp-json\/wp\/v2\/media\/148001"}],"wp:attachment":[{"href":"https:\/\/nvnoticias.mx\/index.php\/wp-json\/wp\/v2\/media?parent=148000"}],"wp:term":[{"taxonomy":"category","embeddable":true,"href":"https:\/\/nvnoticias.mx\/index.php\/wp-json\/wp\/v2\/categories?post=148000"},{"taxonomy":"post_tag","embeddable":true,"href":"https:\/\/nvnoticias.mx\/index.php\/wp-json\/wp\/v2\/tags?post=148000"}],"curies":[{"name":"wp","href":"https:\/\/api.w.org\/{rel}","templated":true}]}}